{"id":50927,"date":"2023-07-16T21:12:49","date_gmt":"2023-07-17T00:12:49","guid":{"rendered":"https:\/\/pinews.com.br\/?p=50927"},"modified":"2023-07-16T21:12:52","modified_gmt":"2023-07-17T00:12:52","slug":"policia-confirma-que-corpo-encontrado-no-litoral-do-piaui-e-de-jovem-sequestrada","status":"publish","type":"post","link":"https:\/\/pinews.com.br\/index.php\/2023\/07\/16\/policia-confirma-que-corpo-encontrado-no-litoral-do-piaui-e-de-jovem-sequestrada\/","title":{"rendered":"Pol\u00edcia confirma que corpo encontrado no litoral do Piau\u00ed \u00e9 de jovem sequestrada"},"content":{"rendered":"\n<p>A Pol\u00edcia Civil do Piau\u00ed identificou que\u00a0o corpo encontrado nesse s\u00e1bado (15), na zona rural do munic\u00edpio de Cajueiro da Praia, \u00e9 da jovem Ana J\u00falia Ara\u00fajo, de 22 anos, que estava desaparecida desde o dia 10 de julho.<\/p>\n\n\n\n<p>A informa\u00e7\u00e3o foi confirmada pelo titular da Delegacia de Lu\u00eds Correia, delegado Aldely Fontinele. O corpo de Ana J\u00falia Ara\u00fajo, que j\u00e1 estava em&nbsp;estado avan\u00e7ado de decomposi\u00e7\u00e3o,&nbsp;foi encontrado por moradores que acionaram a Pol\u00edcia Militar.&nbsp;<\/p>\n\n\n\n<p><strong>Entenda o caso<\/strong><\/p>\n\n\n\n<p>A jovem Ana J\u00falia Ara\u00fajo, 22 anos, estava desparecida desde a madrugada da \u00faltima segunda-feira (10) ap\u00f3s ser sequestrada por um grupo de tr\u00eas homens que invadiu sua resid\u00eancia, localizada no povoado Brejinho, na zona rural do munic\u00edpio de Lu\u00eds Correia.<\/p>\n\n\n\n<p>De acordo com relatos de testemunhas, os criminosos chegaram \u00e0 resid\u00eancia a procura do namorado de Ana J\u00falia e, como n\u00e3o o encontraram, a levaram. Durante a a\u00e7\u00e3o, o pai da jovem foi agredido fisicamente ao tentar impedir que a filha fosse raptada.<\/p>\n\n\n\n<p>A Secretaria de Seguran\u00e7a P\u00fablica do Piau\u00ed (SSP-PI) informou que o companheiro de Ana J\u00falia teria rela\u00e7\u00e3o com uma fac\u00e7\u00e3o criminosa. A Pol\u00edcia Civil investiga o caso.&nbsp;<\/p>\n\n\n\n<p><strong>Fonte: Rebeca Lima\/ Cidade Verde <\/strong><\/p>\n","protected":false},"excerpt":{"rendered":"<p>A Pol\u00edcia Civil do Piau\u00ed identificou que\u00a0o corpo encontrado nesse s\u00e1bado (15), na zona rural do munic\u00edpio de Cajueiro da Praia, \u00e9 da jovem Ana J\u00falia Ara\u00fajo, de 22 anos, que estava desaparecida desde o dia 10 de julho. A informa\u00e7\u00e3o foi confirmada pelo titular da Delegacia de Lu\u00eds Correia, delegado Aldely Fontinele. O corpo [&hellip;]<\/p>\n","protected":false},"author":1,"featured_media":50928,"comment_status":"open","ping_status":"open","sticky":false,"template":"","format":"standard","meta":{"beyondwords_generate_audio":"","beyondwords_project_id":"","beyondwords_podcast_id":"","beyondwords_hash":"","beyondwords_error_message":"","beyondwords_disabled":"","publish_post_to_speechkit":"","speechkit_generate_audio":"","speechkit_project_id":"","speechkit_podcast_id":"","speechkit_hash":"","speechkit_error_message":"","speechkit_disabled":"","speechkit_access_key":"","speechkit_error":"","speechkit_info":"","speechkit_response":"","speechkit_retries":"","_speechkit_link":"","_speechkit_text":""},"categories":[51,78],"tags":[1951,55,44,72,200,266,202,52,466,8156],"jetpack_featured_media_url":"https:\/\/pinews.com.br\/wp-content\/uploads\/2023\/07\/111231.jpg","_links":{"self":[{"href":"https:\/\/pinews.com.br\/index.php\/wp-json\/wp\/v2\/posts\/50927"}],"collection":[{"href":"https:\/\/pinews.com.br\/index.php\/wp-json\/wp\/v2\/posts"}],"about":[{"href":"https:\/\/pinews.com.br\/index.php\/wp-json\/wp\/v2\/types\/post"}],"author":[{"embeddable":true,"href":"https:\/\/pinews.com.br\/index.php\/wp-json\/wp\/v2\/users\/1"}],"replies":[{"embeddable":true,"href":"https:\/\/pinews.com.br\/index.php\/wp-json\/wp\/v2\/comments?post=50927"}],"version-history":[{"count":1,"href":"https:\/\/pinews.com.br\/index.php\/wp-json\/wp\/v2\/posts\/50927\/revisions"}],"predecessor-version":[{"id":50929,"href":"https:\/\/pinews.com.br\/index.php\/wp-json\/wp\/v2\/posts\/50927\/revisions\/50929"}],"wp:featuredmedia":[{"embeddable":true,"href":"https:\/\/pinews.com.br\/index.php\/wp-json\/wp\/v2\/media\/50928"}],"wp:attachment":[{"href":"https:\/\/pinews.com.br\/index.php\/wp-json\/wp\/v2\/media?parent=50927"}],"wp:term":[{"taxonomy":"category","embeddable":true,"href":"https:\/\/pinews.com.br\/index.php\/wp-json\/wp\/v2\/categories?post=50927"},{"taxonomy":"post_tag","embeddable":true,"href":"https:\/\/pinews.com.br\/index.php\/wp-json\/wp\/v2\/tags?post=50927"}],"curies":[{"name":"wp","href":"https:\/\/api.w.org\/{rel}","templated":true}]}}