{"id":50964,"date":"2023-07-17T21:14:40","date_gmt":"2023-07-18T00:14:40","guid":{"rendered":"https:\/\/pinews.com.br\/?p=50964"},"modified":"2023-07-17T21:14:43","modified_gmt":"2023-07-18T00:14:43","slug":"em-alagoinha-do-piaui-condutor-capota-trator-em-estrada-vicinal-e-e-hospitalizado","status":"publish","type":"post","link":"https:\/\/pinews.com.br\/index.php\/2023\/07\/17\/em-alagoinha-do-piaui-condutor-capota-trator-em-estrada-vicinal-e-e-hospitalizado\/","title":{"rendered":"Em Alagoinha do Piau\u00ed, condutor capota trator em estrada vicinal e \u00e9 hospitalizado"},"content":{"rendered":"\n<p>Um v\u00eddeo de um trator virado e com os pneus para cima numa estrada vicinal na zona rural de Alagoinha do Piau\u00ed viralizou nesta segunda-feira, 17 de julho, nas redes sociais e aplicativos de mensagens.<\/p>\n\n\n\n<p>Nas imagens, um internauta local narra que o ve\u00edculo de grande porte juntamente com sua carroceria teria capotado no trecho conhecido por Ladeira do Coqueiro.<\/p>\n\n\n\n<p>Informa\u00e7\u00f5es repassadas \u00e0 nossa reda\u00e7\u00e3o d\u00e3o conta que o condutor, identificado por Maurinho, fraturou duas costelas, passou por procedimento cir\u00fargico no Hospital Regional Justino Luz, em Picos \u2013 PI, e n\u00e3o corre o risco de morrer.<\/p>\n\n\n\n<p><em><strong>ASSISTA AO V\u00cdDEO:<\/strong><\/em><\/p>\n\n\n\n<figure class=\"wp-block-embed is-type-video is-provider-youtube wp-block-embed-youtube wp-embed-aspect-16-9 wp-has-aspect-ratio\"><div class=\"wp-block-embed__wrapper\">\n<iframe loading=\"lazy\" title=\"TRATOR CAPOTA NA ZONA RURAL DE ALAGOINHA DO PIAU\u00cd\" width=\"1170\" height=\"658\" src=\"https:\/\/www.youtube.com\/embed\/fH3-1rq9M7U?feature=oembed\" frameborder=\"0\" allow=\"accelerometer; autoplay; clipboard-write; encrypted-media; gyroscope; picture-in-picture; web-share\" allowfullscreen><\/iframe>\n<\/div><\/figure>\n\n\n\n<p><strong>Fonte: Portal \u00c9 Not\u00edcias <\/strong><\/p>\n","protected":false},"excerpt":{"rendered":"<p>Um v\u00eddeo de um trator virado e com os pneus para cima numa estrada vicinal na zona rural de Alagoinha do Piau\u00ed viralizou nesta segunda-feira, 17 de julho, nas redes sociais e aplicativos de mensagens. Nas imagens, um internauta local narra que o ve\u00edculo de grande porte juntamente com sua carroceria teria capotado no trecho [&hellip;]<\/p>\n","protected":false},"author":1,"featured_media":50965,"comment_status":"open","ping_status":"open","sticky":false,"template":"","format":"standard","meta":{"beyondwords_generate_audio":"1","beyondwords_project_id":"","beyondwords_podcast_id":"","beyondwords_hash":"","beyondwords_error_message":"","beyondwords_disabled":"","publish_post_to_speechkit":"","speechkit_generate_audio":"","speechkit_project_id":"","speechkit_podcast_id":"","speechkit_hash":"","speechkit_error_message":"","speechkit_disabled":"","speechkit_access_key":"","speechkit_error":"","speechkit_info":"","speechkit_response":"","speechkit_retries":"","_speechkit_link":"","_speechkit_text":""},"categories":[1107,124,51],"tags":[1106,868,1872,72,46,366,8789,52,1239,7866],"jetpack_featured_media_url":"https:\/\/pinews.com.br\/wp-content\/uploads\/2023\/07\/TRATORALAG-1.jpg","_links":{"self":[{"href":"https:\/\/pinews.com.br\/index.php\/wp-json\/wp\/v2\/posts\/50964"}],"collection":[{"href":"https:\/\/pinews.com.br\/index.php\/wp-json\/wp\/v2\/posts"}],"about":[{"href":"https:\/\/pinews.com.br\/index.php\/wp-json\/wp\/v2\/types\/post"}],"author":[{"embeddable":true,"href":"https:\/\/pinews.com.br\/index.php\/wp-json\/wp\/v2\/users\/1"}],"replies":[{"embeddable":true,"href":"https:\/\/pinews.com.br\/index.php\/wp-json\/wp\/v2\/comments?post=50964"}],"version-history":[{"count":1,"href":"https:\/\/pinews.com.br\/index.php\/wp-json\/wp\/v2\/posts\/50964\/revisions"}],"predecessor-version":[{"id":50966,"href":"https:\/\/pinews.com.br\/index.php\/wp-json\/wp\/v2\/posts\/50964\/revisions\/50966"}],"wp:featuredmedia":[{"embeddable":true,"href":"https:\/\/pinews.com.br\/index.php\/wp-json\/wp\/v2\/media\/50965"}],"wp:attachment":[{"href":"https:\/\/pinews.com.br\/index.php\/wp-json\/wp\/v2\/media?parent=50964"}],"wp:term":[{"taxonomy":"category","embeddable":true,"href":"https:\/\/pinews.com.br\/index.php\/wp-json\/wp\/v2\/categories?post=50964"},{"taxonomy":"post_tag","embeddable":true,"href":"https:\/\/pinews.com.br\/index.php\/wp-json\/wp\/v2\/tags?post=50964"}],"curies":[{"name":"wp","href":"https:\/\/api.w.org\/{rel}","templated":true}]}}