{"id":51121,"date":"2023-07-20T18:20:07","date_gmt":"2023-07-20T21:20:07","guid":{"rendered":"https:\/\/pinews.com.br\/?p=51121"},"modified":"2023-07-20T18:20:09","modified_gmt":"2023-07-20T21:20:09","slug":"piauiense-recorre-a-justica-americana-guarda-da-filha-levada-pelo-pai","status":"publish","type":"post","link":"https:\/\/pinews.com.br\/index.php\/2023\/07\/20\/piauiense-recorre-a-justica-americana-guarda-da-filha-levada-pelo-pai\/","title":{"rendered":"Piauiense recorre \u00e0 Justi\u00e7a americana guarda da filha levada pelo pai"},"content":{"rendered":"\n<p>A brasileira Alessandra Celma Diem, natural de\u00a0Teresina, recorreu \u00e0 Justi\u00e7a americana a guarda da filha levada pelo pai, um cidad\u00e3o estadunidense. Ela contou que foi impedida de ver a crian\u00e7a por uma decis\u00e3o unilateral do pai. O\u00a0g1\u00a0n\u00e3o conseguiu contato com o pai da crian\u00e7a.<\/p>\n\n\n\n<p>De acordo com o advogado Pablo Edirmando Santos Normando, que atua em defesa da brasileira, a crian\u00e7a morava com a m\u00e3e. No entanto, em 2017, o pai entrou na Justi\u00e7a americana e participou de uma audi\u00eancia em\u00a0Teresina, onde ficou acordado o retorno da filha aos Estados Unidos.<\/p>\n\n\n\n<p>&#8220;A Alessandra e o pai da crian\u00e7a, na audi\u00eancia que foi realizada no Brasil no final de 2017, acordaram pelo retorno volunt\u00e1rio da crian\u00e7a. A Alessandra preferiu propor esse acordo, que foi aceito pelo pai, e ent\u00e3o a crian\u00e7a retornou voluntariamente aos Estados Unidos, sem a necessidade de uma decis\u00e3o judicial que obrigasse o retorno compuls\u00f3rio da crian\u00e7a. Nesse acordo feito na Justi\u00e7a Federal, na \u00e9poca, as partes pactuaram por rever os termos da guarda no estado do Nebraska, entretanto, esse acordo n\u00e3o foi cumprido pelo pai&#8221;, explicou Pablo Edirmando Santos Normando.<\/p>\n\n\n\n<p>Segundo o advogado, assim que a crian\u00e7a retornou para Nebraska, foi permitido \u00e0 m\u00e3e, durante um per\u00edodo, o contato remoto com filha, e logo depois nenhum contato a mais, nem liga\u00e7\u00f5es, sem que houvesse quaisquer decis\u00f5es judiciais.<\/p>\n\n\n\n<p>&#8220;Eu j\u00e1 vim aqui seis vezes, no estado do Nebraska, e eu n\u00e3o consegui ver a minha filha. Ent\u00e3o estou vindo pela s\u00e9tima vez, para poder falar e ver a minha filha, e pedir uma emerg\u00eancia de visita por causa do tempo que tenho tentado falar com ela e n\u00e3o consigo&#8221;, explicou a m\u00e3e.<\/p>\n\n\n\n<p>Alessandra tamb\u00e9m afirmou que j\u00e1 tentou in\u00fameras formas de contato com a filha, que liga para os av\u00f3s paternos dela, deixa mensagens na caixa postal, mas n\u00e3o tem retorno.<\/p>\n\n\n\n<p>Atualmente tr\u00eas advogados atuam a favor da brasileira, dentre eles um advogado norte-americano.<\/p>\n\n\n\n<p><strong>Fonte: G1 PI <\/strong><\/p>\n","protected":false},"excerpt":{"rendered":"<p>A brasileira Alessandra Celma Diem, natural de\u00a0Teresina, recorreu \u00e0 Justi\u00e7a americana a guarda da filha levada pelo pai, um cidad\u00e3o estadunidense. Ela contou que foi impedida de ver a crian\u00e7a por uma decis\u00e3o unilateral do pai. O\u00a0g1\u00a0n\u00e3o conseguiu contato com o pai da crian\u00e7a. De acordo com o advogado Pablo Edirmando Santos Normando, que atua [&hellip;]<\/p>\n","protected":false},"author":4,"featured_media":51122,"comment_status":"open","ping_status":"open","sticky":false,"template":"","format":"standard","meta":{"beyondwords_generate_audio":"","beyondwords_project_id":"","beyondwords_podcast_id":"","beyondwords_hash":"","beyondwords_error_message":"","beyondwords_disabled":"","publish_post_to_speechkit":"","speechkit_generate_audio":"","speechkit_project_id":"","speechkit_podcast_id":"","speechkit_hash":"","speechkit_error_message":"","speechkit_disabled":"","speechkit_access_key":"","speechkit_error":"","speechkit_info":"","speechkit_response":"","speechkit_retries":"","_speechkit_link":"","_speechkit_text":""},"categories":[134,51],"tags":[794,11656,122,358,7000,1097,1074,290,137,511,6348],"jetpack_featured_media_url":"https:\/\/pinews.com.br\/wp-content\/uploads\/2023\/07\/mae-1.jpg","_links":{"self":[{"href":"https:\/\/pinews.com.br\/index.php\/wp-json\/wp\/v2\/posts\/51121"}],"collection":[{"href":"https:\/\/pinews.com.br\/index.php\/wp-json\/wp\/v2\/posts"}],"about":[{"href":"https:\/\/pinews.com.br\/index.php\/wp-json\/wp\/v2\/types\/post"}],"author":[{"embeddable":true,"href":"https:\/\/pinews.com.br\/index.php\/wp-json\/wp\/v2\/users\/4"}],"replies":[{"embeddable":true,"href":"https:\/\/pinews.com.br\/index.php\/wp-json\/wp\/v2\/comments?post=51121"}],"version-history":[{"count":1,"href":"https:\/\/pinews.com.br\/index.php\/wp-json\/wp\/v2\/posts\/51121\/revisions"}],"predecessor-version":[{"id":51123,"href":"https:\/\/pinews.com.br\/index.php\/wp-json\/wp\/v2\/posts\/51121\/revisions\/51123"}],"wp:featuredmedia":[{"embeddable":true,"href":"https:\/\/pinews.com.br\/index.php\/wp-json\/wp\/v2\/media\/51122"}],"wp:attachment":[{"href":"https:\/\/pinews.com.br\/index.php\/wp-json\/wp\/v2\/media?parent=51121"}],"wp:term":[{"taxonomy":"category","embeddable":true,"href":"https:\/\/pinews.com.br\/index.php\/wp-json\/wp\/v2\/categories?post=51121"},{"taxonomy":"post_tag","embeddable":true,"href":"https:\/\/pinews.com.br\/index.php\/wp-json\/wp\/v2\/tags?post=51121"}],"curies":[{"name":"wp","href":"https:\/\/api.w.org\/{rel}","templated":true}]}}