{"id":51643,"date":"2023-07-24T11:50:10","date_gmt":"2023-07-24T14:50:10","guid":{"rendered":"https:\/\/pinews.com.br\/?p=51643"},"modified":"2023-07-24T11:50:13","modified_gmt":"2023-07-24T14:50:13","slug":"homem-morre-apos-colidir-gravemente-com-arvore-em-municipio-do-piaui","status":"publish","type":"post","link":"https:\/\/pinews.com.br\/index.php\/2023\/07\/24\/homem-morre-apos-colidir-gravemente-com-arvore-em-municipio-do-piaui\/","title":{"rendered":"Homem morre ap\u00f3s colidir gravemente com \u00e1rvore em munic\u00edpio do Piau\u00ed"},"content":{"rendered":"\n<p>Um grave acidente na BR-230, zona rural de Oeiras, resultou na morte de um homem, identificado como Marco Andr\u00e9 dos Santos, de 28 anos. O fato ocorreu por volta das 3h da manh\u00e3 deste domingo (23\/07).<\/p>\n\n\n\n<p>O acidente foi classificado como &#8220;Colis\u00e3o com Objeto&#8221; e envolveu um ve\u00edculo modelo I\/Toyota Hilux CD4x4 SR, com placa de Marab\u00e1-PA. A identifica\u00e7\u00e3o ou detalhes de um poss\u00edvel segundo ve\u00edculo envolvido ainda n\u00e3o foram divulgados.<\/p>\n\n\n\n<p>Segundo a PRF, Marco Andr\u00e9 dos Santos seguia em dire\u00e7\u00e3o a Floriano quando o ve\u00edculo saiu da pista e colidiu frontalmente com uma \u00e1rvore de grande porte. O jovem n\u00e3o resistiu aos ferimentos e morreu no local, com o corpo preso \u00e0s ferragens.<\/p>\n\n\n\n<p>As causas do acidente est\u00e3o sob investiga\u00e7\u00e3o, mas h\u00e1 suspeitas de que o condutor tenha dormido ao volante, o que poderia ter ocasionado a perda do controle do ve\u00edculo. O corpo foi levado para o Instituto M\u00e9dico Legal de Floriano para os procedimentos legais.<\/p>\n\n\n\n<p><strong>Fonte: 180 graus <\/strong><\/p>\n","protected":false},"excerpt":{"rendered":"<p>Um grave acidente na BR-230, zona rural de Oeiras, resultou na morte de um homem, identificado como Marco Andr\u00e9 dos Santos, de 28 anos. O fato ocorreu por volta das 3h da manh\u00e3 deste domingo (23\/07). O acidente foi classificado como &#8220;Colis\u00e3o com Objeto&#8221; e envolveu um ve\u00edculo modelo I\/Toyota Hilux CD4x4 SR, com placa [&hellip;]<\/p>\n","protected":false},"author":4,"featured_media":47773,"comment_status":"open","ping_status":"open","sticky":false,"template":"","format":"standard","meta":{"beyondwords_generate_audio":"","beyondwords_project_id":"","beyondwords_podcast_id":"","beyondwords_hash":"","beyondwords_error_message":"","beyondwords_disabled":"","publish_post_to_speechkit":"","speechkit_generate_audio":"","speechkit_project_id":"","speechkit_podcast_id":"","speechkit_hash":"","speechkit_error_message":"","speechkit_disabled":"","speechkit_access_key":"","speechkit_error":"","speechkit_info":"","speechkit_response":"","speechkit_retries":"","_speechkit_link":"","_speechkit_text":""},"categories":[51],"tags":[70,441,300,46,812,84,119,50,52],"jetpack_featured_media_url":"https:\/\/pinews.com.br\/wp-content\/uploads\/2023\/04\/iml_teresina_014.webp","_links":{"self":[{"href":"https:\/\/pinews.com.br\/index.php\/wp-json\/wp\/v2\/posts\/51643"}],"collection":[{"href":"https:\/\/pinews.com.br\/index.php\/wp-json\/wp\/v2\/posts"}],"about":[{"href":"https:\/\/pinews.com.br\/index.php\/wp-json\/wp\/v2\/types\/post"}],"author":[{"embeddable":true,"href":"https:\/\/pinews.com.br\/index.php\/wp-json\/wp\/v2\/users\/4"}],"replies":[{"embeddable":true,"href":"https:\/\/pinews.com.br\/index.php\/wp-json\/wp\/v2\/comments?post=51643"}],"version-history":[{"count":1,"href":"https:\/\/pinews.com.br\/index.php\/wp-json\/wp\/v2\/posts\/51643\/revisions"}],"predecessor-version":[{"id":51644,"href":"https:\/\/pinews.com.br\/index.php\/wp-json\/wp\/v2\/posts\/51643\/revisions\/51644"}],"wp:featuredmedia":[{"embeddable":true,"href":"https:\/\/pinews.com.br\/index.php\/wp-json\/wp\/v2\/media\/47773"}],"wp:attachment":[{"href":"https:\/\/pinews.com.br\/index.php\/wp-json\/wp\/v2\/media?parent=51643"}],"wp:term":[{"taxonomy":"category","embeddable":true,"href":"https:\/\/pinews.com.br\/index.php\/wp-json\/wp\/v2\/categories?post=51643"},{"taxonomy":"post_tag","embeddable":true,"href":"https:\/\/pinews.com.br\/index.php\/wp-json\/wp\/v2\/tags?post=51643"}],"curies":[{"name":"wp","href":"https:\/\/api.w.org\/{rel}","templated":true}]}}