{"id":51645,"date":"2023-07-24T17:57:52","date_gmt":"2023-07-24T20:57:52","guid":{"rendered":"https:\/\/pinews.com.br\/?p=51645"},"modified":"2023-07-24T17:58:53","modified_gmt":"2023-07-24T20:58:53","slug":"curto-circuito-em-caixa-de-energia-causa-incendio-em-cartorio-eleitoral-no-piaui","status":"publish","type":"post","link":"https:\/\/pinews.com.br\/index.php\/2023\/07\/24\/curto-circuito-em-caixa-de-energia-causa-incendio-em-cartorio-eleitoral-no-piaui\/","title":{"rendered":"Curto-circuito em caixa de energia causa inc\u00eandio em Cart\u00f3rio Eleitoral\u00a0no Piau\u00ed"},"content":{"rendered":"\n<p>Um curto-circuito no medidor de energia causou inc\u00eandio na manh\u00e3 desta segunda-feira (24\/07), no pr\u00e9dio do Cart\u00f3rio da 07\u00aa Zona Eleitoral, na Rua Benjamin Constant, centro de Campo Maior.<\/p>\n\n\n\n<p>Testemunhas ouviram explos\u00e3o na caixa de energia seguido de estalos na fia\u00e7\u00e3o el\u00e9trica. Momento depois foi poss\u00edvel ver uma cortina de fuma\u00e7a saindo do&nbsp;pr\u00e9dio. Ningu\u00e9m ficou ferido.<\/p>\n\n\n\n<p>Segundo a Equatorial Piau\u00ed,&nbsp;por volta das 11h a queima de um medidor nas proximidades do Cart\u00f3rio Eleitoral causou um inc\u00eandio que atingiu a rede el\u00e9trica da \u00e1rea, interrompendo o fornecimento de energia na regi\u00e3o.<\/p>\n\n\n\n<p>Rapidamente, equipes de campo foram acionadas e enviadas ao local, onde realizaram os reparos necess\u00e1rios e restabeleceram o servi\u00e7o \u00e0s 11h45 do mesmo dia (24\/07).<\/p>\n\n\n\n<p>A Distribuidora ainda comunica que segue investigando as causas da ocorr\u00eancia.<\/p>\n\n\n\n<p><strong>Fonte: 180 graus <\/strong><\/p>\n","protected":false},"excerpt":{"rendered":"<p>Um curto-circuito no medidor de energia causou inc\u00eandio na manh\u00e3 desta segunda-feira (24\/07), no pr\u00e9dio do Cart\u00f3rio da 07\u00aa Zona Eleitoral, na Rua Benjamin Constant, centro de Campo Maior. Testemunhas ouviram explos\u00e3o na caixa de energia seguido de estalos na fia\u00e7\u00e3o el\u00e9trica. Momento depois foi poss\u00edvel ver uma cortina de fuma\u00e7a saindo do&nbsp;pr\u00e9dio. Ningu\u00e9m ficou [&hellip;]<\/p>\n","protected":false},"author":1,"featured_media":51646,"comment_status":"open","ping_status":"open","sticky":false,"template":"","format":"standard","meta":{"beyondwords_generate_audio":"","beyondwords_project_id":"","beyondwords_podcast_id":"","beyondwords_hash":"","beyondwords_error_message":"","beyondwords_disabled":"","publish_post_to_speechkit":"","speechkit_generate_audio":"","speechkit_project_id":"","speechkit_podcast_id":"","speechkit_hash":"","speechkit_error_message":"","speechkit_disabled":"","speechkit_access_key":"","speechkit_error":"","speechkit_info":"","speechkit_response":"","speechkit_retries":"","_speechkit_link":"","_speechkit_text":""},"categories":[51],"tags":[662,9884,172,6565,44,11673,46,1976,547,52],"jetpack_featured_media_url":"https:\/\/pinews.com.br\/wp-content\/uploads\/2023\/07\/principio-de-incendio-no-cartorio-eleitoral-de-campo-maior_-3029094611713918476.jpg","_links":{"self":[{"href":"https:\/\/pinews.com.br\/index.php\/wp-json\/wp\/v2\/posts\/51645"}],"collection":[{"href":"https:\/\/pinews.com.br\/index.php\/wp-json\/wp\/v2\/posts"}],"about":[{"href":"https:\/\/pinews.com.br\/index.php\/wp-json\/wp\/v2\/types\/post"}],"author":[{"embeddable":true,"href":"https:\/\/pinews.com.br\/index.php\/wp-json\/wp\/v2\/users\/1"}],"replies":[{"embeddable":true,"href":"https:\/\/pinews.com.br\/index.php\/wp-json\/wp\/v2\/comments?post=51645"}],"version-history":[{"count":2,"href":"https:\/\/pinews.com.br\/index.php\/wp-json\/wp\/v2\/posts\/51645\/revisions"}],"predecessor-version":[{"id":51648,"href":"https:\/\/pinews.com.br\/index.php\/wp-json\/wp\/v2\/posts\/51645\/revisions\/51648"}],"wp:featuredmedia":[{"embeddable":true,"href":"https:\/\/pinews.com.br\/index.php\/wp-json\/wp\/v2\/media\/51646"}],"wp:attachment":[{"href":"https:\/\/pinews.com.br\/index.php\/wp-json\/wp\/v2\/media?parent=51645"}],"wp:term":[{"taxonomy":"category","embeddable":true,"href":"https:\/\/pinews.com.br\/index.php\/wp-json\/wp\/v2\/categories?post=51645"},{"taxonomy":"post_tag","embeddable":true,"href":"https:\/\/pinews.com.br\/index.php\/wp-json\/wp\/v2\/tags?post=51645"}],"curies":[{"name":"wp","href":"https:\/\/api.w.org\/{rel}","templated":true}]}}