{"id":51649,"date":"2023-07-24T18:01:28","date_gmt":"2023-07-24T21:01:28","guid":{"rendered":"https:\/\/pinews.com.br\/?p=51649"},"modified":"2023-07-24T18:01:31","modified_gmt":"2023-07-24T21:01:31","slug":"homem-e-preso-por-da-cinco-facadas-em-rapaz-apos-ve-lo-com-sua-namorada-no-piaui","status":"publish","type":"post","link":"https:\/\/pinews.com.br\/index.php\/2023\/07\/24\/homem-e-preso-por-da-cinco-facadas-em-rapaz-apos-ve-lo-com-sua-namorada-no-piaui\/","title":{"rendered":"Homem \u00e9 preso por d\u00e1 cinco facadas em rapaz ap\u00f3s v\u00ea-lo com sua namorada no Piau\u00ed"},"content":{"rendered":"\n<p>Um homem de 19 anos foi preso nesta segunda-feira (24) no munic\u00edpio de Jos\u00e9 de Freitas. Ele \u00e9 suspeito de ser o autor de uma tentativa de homic\u00eddio contra um outro jovem no \u00faltimo dia 10 de julho. A Pol\u00edcia n\u00e3o divulgou o nome do preso.&nbsp;<\/p>\n\n\n\n<p>O mandado de pris\u00e3o preventiva foi cumprido por uma equipe do 17\u00b0 Distrito Policial de Jos\u00e9 de Freitas, respons\u00e1vel pela investiga\u00e7\u00e3o do caso. De acordo com o delegado Andr\u00e9 Moreno, o suspeito alegou ci\u00fames para cometer o crime.&nbsp; &nbsp;<\/p>\n\n\n\n<p>\u201cO indiv\u00edduo teria, motivado por ci\u00fames, desferido cinco facadas em outro rapaz. Segundo apura\u00e7\u00f5es da investiga\u00e7\u00e3o, o autor teria encontrado sua namorada com outro rapaz na casa da m\u00e3e dela e, tomado por um sentimento de f\u00faria, desferiu uma facada no peito e quatro nas costas&#8221;, disse a autoridade policial.&nbsp;<\/p>\n\n\n\n<p>Apesar da gravidade dos golpes, a v\u00edtima foi socorrida e conseguiu se recuperar dos ferimentos. Com a pris\u00e3o do suspeito, a pol\u00edcia deve concluir a investiga\u00e7\u00e3o e fechar o inqu\u00e9rito sobre o caso nos pr\u00f3ximos dias.&nbsp;<\/p>\n\n\n\n<p><br><strong>Fonte: Breno Moreno\/ Cidade Verde <\/strong><\/p>\n","protected":false},"excerpt":{"rendered":"<p>Um homem de 19 anos foi preso nesta segunda-feira (24) no munic\u00edpio de Jos\u00e9 de Freitas. Ele \u00e9 suspeito de ser o autor de uma tentativa de homic\u00eddio contra um outro jovem no \u00faltimo dia 10 de julho. A Pol\u00edcia n\u00e3o divulgou o nome do preso.&nbsp; O mandado de pris\u00e3o preventiva foi cumprido por uma [&hellip;]<\/p>\n","protected":false},"author":4,"featured_media":51650,"comment_status":"open","ping_status":"open","sticky":false,"template":"","format":"standard","meta":{"beyondwords_generate_audio":"","beyondwords_project_id":"","beyondwords_podcast_id":"","beyondwords_hash":"","beyondwords_error_message":"","beyondwords_disabled":"","publish_post_to_speechkit":"","speechkit_generate_audio":"","speechkit_project_id":"","speechkit_podcast_id":"","speechkit_hash":"","speechkit_error_message":"","speechkit_disabled":"","speechkit_access_key":"","speechkit_error":"","speechkit_info":"","speechkit_response":"","speechkit_retries":"","_speechkit_link":"","_speechkit_text":""},"categories":[51,78],"tags":[70,490,122,72,46,479,84,1676,52,59,79,5930,5481,7627],"jetpack_featured_media_url":"https:\/\/pinews.com.br\/wp-content\/uploads\/2023\/07\/02_2.jpg","_links":{"self":[{"href":"https:\/\/pinews.com.br\/index.php\/wp-json\/wp\/v2\/posts\/51649"}],"collection":[{"href":"https:\/\/pinews.com.br\/index.php\/wp-json\/wp\/v2\/posts"}],"about":[{"href":"https:\/\/pinews.com.br\/index.php\/wp-json\/wp\/v2\/types\/post"}],"author":[{"embeddable":true,"href":"https:\/\/pinews.com.br\/index.php\/wp-json\/wp\/v2\/users\/4"}],"replies":[{"embeddable":true,"href":"https:\/\/pinews.com.br\/index.php\/wp-json\/wp\/v2\/comments?post=51649"}],"version-history":[{"count":1,"href":"https:\/\/pinews.com.br\/index.php\/wp-json\/wp\/v2\/posts\/51649\/revisions"}],"predecessor-version":[{"id":51651,"href":"https:\/\/pinews.com.br\/index.php\/wp-json\/wp\/v2\/posts\/51649\/revisions\/51651"}],"wp:featuredmedia":[{"embeddable":true,"href":"https:\/\/pinews.com.br\/index.php\/wp-json\/wp\/v2\/media\/51650"}],"wp:attachment":[{"href":"https:\/\/pinews.com.br\/index.php\/wp-json\/wp\/v2\/media?parent=51649"}],"wp:term":[{"taxonomy":"category","embeddable":true,"href":"https:\/\/pinews.com.br\/index.php\/wp-json\/wp\/v2\/categories?post=51649"},{"taxonomy":"post_tag","embeddable":true,"href":"https:\/\/pinews.com.br\/index.php\/wp-json\/wp\/v2\/tags?post=51649"}],"curies":[{"name":"wp","href":"https:\/\/api.w.org\/{rel}","templated":true}]}}