{"id":51662,"date":"2023-07-24T21:05:00","date_gmt":"2023-07-25T00:05:00","guid":{"rendered":"https:\/\/pinews.com.br\/?p=51662"},"modified":"2023-07-24T21:06:39","modified_gmt":"2023-07-25T00:06:39","slug":"sete-trabalhadores-em-condicao-de-escravidao-moderna-sao-resgatados-de-fazenda-de-soja-no-sul-do-piaui","status":"publish","type":"post","link":"https:\/\/pinews.com.br\/index.php\/2023\/07\/24\/sete-trabalhadores-em-condicao-de-escravidao-moderna-sao-resgatados-de-fazenda-de-soja-no-sul-do-piaui\/","title":{"rendered":"Sete trabalhadores em condi\u00e7\u00e3o de escravid\u00e3o moderna s\u00e3o resgatados de fazenda de soja no Sul do Piau\u00ed"},"content":{"rendered":"\n<p>Sete trabalhadores mantidos em situa\u00e7\u00e3o de escravid\u00e3o moderna foram resgatados pela fiscaliza\u00e7\u00e3o do Minist\u00e9rio do Trabalho de uma fazenda na zona rural de&nbsp;Uru\u00e7u\u00ed, Sul do Piau\u00ed. Eles estavam no local h\u00e1 15 dias e eram naturais de Canto do Buriti.<\/p>\n\n\n\n<p>O resgate aconteceu h\u00e1 uma semana, mas nesta segunda-feira (24) os trabalhadores receberam suas verbas rescis\u00f3rias e o seguro desemprego. Segundo o auditor fiscal Robson Waldeck Silva, do Minist\u00e9rio do Trabalho, o grupo fazia o trabalho de limpeza de terreno para o plantio de soja.<\/p>\n\n\n\n<p>&#8220;As ra\u00edzes e troncos que as m\u00e1quinas n\u00e3o conseguem tirar, eles precisavam arrancar manualmente, e sem equipamentos de prote\u00e7\u00e3o individual. Eles tamb\u00e9m n\u00e3o tinham nenhum registro de emprego, e n\u00e3o passaram por exames m\u00e9dicos antes de come\u00e7arem o trabalho&#8221;, contou.<\/p>\n\n\n\n<figure class=\"wp-block-image\"><img decoding=\"async\" src=\"https:\/\/s2-g1.glbimg.com\/AJP2d0iqhnNTKsrHiltVtKxI27E=\/0x0:1600x1072\/984x0\/smart\/filters:strip_icc()\/i.s3.glbimg.com\/v1\/AUTH_59edd422c0c84a879bd37670ae4f538a\/internal_photos\/bs\/2023\/D\/R\/thaPmgRl6sSRu9jzLwxw\/fiscalizacao.jpg\" alt=\"Fiscaliza\u00e7\u00e3o em fazenda de soja no Sul do Piau\u00ed \u2014 Foto: Divulga\u00e7\u00e3o\/Minist\u00e9rio do Trabalho\"\/><figcaption class=\"wp-element-caption\">Fiscaliza\u00e7\u00e3o em fazenda de soja no Sul do Piau\u00ed \u2014 Foto: Divulga\u00e7\u00e3o\/Minist\u00e9rio do Trabalho<\/figcaption><\/figure>\n\n\n\n<p>Os trabalhadores estavam alojados na mata, em barracas de lona e dormiam em redes ao relento, e n\u00e3o tinham banheiros. Eles tamb\u00e9m n\u00e3o tinham refeit\u00f3rio e precisavam preparar as refei\u00e7\u00f5es em fogareiros improvisados, cavados no ch\u00e3o. N\u00e3o tinham camas, mesas, cadeiras ou qualquer tipo de conforto.<\/p>\n\n\n\n<p>Os auditores fiscais comunicaram a situa\u00e7\u00e3o ao Minist\u00e9rio P\u00fablico do Trabalho e \u00e0 Procuradoria da Rep\u00fablica, que podem ainda processar os empregadores.<\/p>\n\n\n\n<figure class=\"wp-block-image\"><img decoding=\"async\" src=\"https:\/\/s2-g1.glbimg.com\/pHxpYa4wHUzJY7M0UwSzHiKzuZQ=\/0x0:1600x1068\/984x0\/smart\/filters:strip_icc()\/i.s3.glbimg.com\/v1\/AUTH_59edd422c0c84a879bd37670ae4f538a\/internal_photos\/bs\/2023\/Y\/h\/nTTO97RhAGI6Dn1TXSSQ\/escravidao-2.jpg\" alt=\"Trabalhadores viviam em condi\u00e7\u00e3o de escravid\u00e3o moderna no Piau\u00ed \u2014 Foto: Divulga\u00e7\u00e3o\/Minist\u00e9rio do Trabalho\"\/><figcaption class=\"wp-element-caption\">Trabalhadores viviam em condi\u00e7\u00e3o de escravid\u00e3o moderna no Piau\u00ed \u2014 Foto: Divulga\u00e7\u00e3o\/Minist\u00e9rio do Trabalho<\/figcaption><\/figure>\n\n\n\n<p><strong>Fonte: G1 PI <\/strong><\/p>\n","protected":false},"excerpt":{"rendered":"<p>Sete trabalhadores mantidos em situa\u00e7\u00e3o de escravid\u00e3o moderna foram resgatados pela fiscaliza\u00e7\u00e3o do Minist\u00e9rio do Trabalho de uma fazenda na zona rural de&nbsp;Uru\u00e7u\u00ed, Sul do Piau\u00ed. Eles estavam no local h\u00e1 15 dias e eram naturais de Canto do Buriti. O resgate aconteceu h\u00e1 uma semana, mas nesta segunda-feira (24) os trabalhadores receberam suas verbas [&hellip;]<\/p>\n","protected":false},"author":1,"featured_media":51663,"comment_status":"open","ping_status":"open","sticky":false,"template":"","format":"standard","meta":{"beyondwords_generate_audio":"","beyondwords_project_id":"","beyondwords_podcast_id":"","beyondwords_hash":"","beyondwords_error_message":"","beyondwords_disabled":"","publish_post_to_speechkit":"","speechkit_generate_audio":"","speechkit_project_id":"","speechkit_podcast_id":"","speechkit_hash":"","speechkit_error_message":"","speechkit_disabled":"","speechkit_access_key":"","speechkit_error":"","speechkit_info":"","speechkit_response":"","speechkit_retries":"","_speechkit_link":"","_speechkit_text":""},"categories":[51],"tags":[8584,44,46,796,374,7678,52,1760,362,866,2671,120,1133],"jetpack_featured_media_url":"https:\/\/pinews.com.br\/wp-content\/uploads\/2023\/07\/escravidao-2.jpg","_links":{"self":[{"href":"https:\/\/pinews.com.br\/index.php\/wp-json\/wp\/v2\/posts\/51662"}],"collection":[{"href":"https:\/\/pinews.com.br\/index.php\/wp-json\/wp\/v2\/posts"}],"about":[{"href":"https:\/\/pinews.com.br\/index.php\/wp-json\/wp\/v2\/types\/post"}],"author":[{"embeddable":true,"href":"https:\/\/pinews.com.br\/index.php\/wp-json\/wp\/v2\/users\/1"}],"replies":[{"embeddable":true,"href":"https:\/\/pinews.com.br\/index.php\/wp-json\/wp\/v2\/comments?post=51662"}],"version-history":[{"count":2,"href":"https:\/\/pinews.com.br\/index.php\/wp-json\/wp\/v2\/posts\/51662\/revisions"}],"predecessor-version":[{"id":51665,"href":"https:\/\/pinews.com.br\/index.php\/wp-json\/wp\/v2\/posts\/51662\/revisions\/51665"}],"wp:featuredmedia":[{"embeddable":true,"href":"https:\/\/pinews.com.br\/index.php\/wp-json\/wp\/v2\/media\/51663"}],"wp:attachment":[{"href":"https:\/\/pinews.com.br\/index.php\/wp-json\/wp\/v2\/media?parent=51662"}],"wp:term":[{"taxonomy":"category","embeddable":true,"href":"https:\/\/pinews.com.br\/index.php\/wp-json\/wp\/v2\/categories?post=51662"},{"taxonomy":"post_tag","embeddable":true,"href":"https:\/\/pinews.com.br\/index.php\/wp-json\/wp\/v2\/tags?post=51662"}],"curies":[{"name":"wp","href":"https:\/\/api.w.org\/{rel}","templated":true}]}}