{"id":51711,"date":"2023-07-26T11:40:34","date_gmt":"2023-07-26T14:40:34","guid":{"rendered":"https:\/\/pinews.com.br\/?p=51711"},"modified":"2023-07-26T11:40:37","modified_gmt":"2023-07-26T14:40:37","slug":"homens-encapuzados-invadem-hospital-ferem-policial-e-atiram-sete-vezes-contra-paciente-no-piaui","status":"publish","type":"post","link":"https:\/\/pinews.com.br\/index.php\/2023\/07\/26\/homens-encapuzados-invadem-hospital-ferem-policial-e-atiram-sete-vezes-contra-paciente-no-piaui\/","title":{"rendered":"Homens encapuzados invadem hospital, ferem policial e atiram sete vezes contra paciente\u00a0no Piau\u00ed"},"content":{"rendered":"\n<p>Tr\u00eas homens encapuzados invadiram o Hospital Mariano Castelo Branco, na regi\u00e3o da Santa Maria da Codipi, Zona Norte de Teresina, feriram o policial respons\u00e1vel pela seguran\u00e7a, renderam-no e, em seguida, atiraram sete vezes contra um paciente, identificado como Diego de Sousa Franco, de 21 anos. O crime aconteceu na madrugada desta quarta-feira (26).<\/p>\n\n\n\n<p>A Funda\u00e7\u00e3o Municipal de Sa\u00fade (FMS) de Teresina informou, em nota, que o paciente sobreviveu ao ataque e foi transferido para o Hospital de Urg\u00eancia de Teresina (HUT), na Zona Sul da capital.<\/p>\n\n\n\n<p>O \u00f3rg\u00e3o n\u00e3o deu mais informa\u00e7\u00f5es sobre o estado de sa\u00fade do paciente e nem detalhes sobre sua interna\u00e7\u00e3o no Hospital Mariano Castelo Branco.<\/p>\n\n\n\n<p>A FMS informou ainda que a equipe do hospital registrou um Boletim de Ocorr\u00eancia, e que est\u00e3o em contato com a Secretaria de Seguran\u00e7a P\u00fablica do Piau\u00ed em busca de refor\u00e7o para as unidades.<\/p>\n\n\n\n<p><strong>Fonte: G1 Pl <\/strong><\/p>\n","protected":false},"excerpt":{"rendered":"<p>Tr\u00eas homens encapuzados invadiram o Hospital Mariano Castelo Branco, na regi\u00e3o da Santa Maria da Codipi, Zona Norte de Teresina, feriram o policial respons\u00e1vel pela seguran\u00e7a, renderam-no e, em seguida, atiraram sete vezes contra um paciente, identificado como Diego de Sousa Franco, de 21 anos. O crime aconteceu na madrugada desta quarta-feira (26). A Funda\u00e7\u00e3o [&hellip;]<\/p>\n","protected":false},"author":4,"featured_media":51712,"comment_status":"open","ping_status":"open","sticky":false,"template":"","format":"standard","meta":{"beyondwords_generate_audio":"","beyondwords_project_id":"","beyondwords_podcast_id":"","beyondwords_hash":"","beyondwords_error_message":"","beyondwords_disabled":"","publish_post_to_speechkit":"","speechkit_generate_audio":"","speechkit_project_id":"","speechkit_podcast_id":"","speechkit_hash":"","speechkit_error_message":"","speechkit_disabled":"","speechkit_access_key":"","speechkit_error":"","speechkit_info":"","speechkit_response":"","speechkit_retries":"","_speechkit_link":"","_speechkit_text":""},"categories":[51,78,81],"tags":[9594,294,1183,10995,108,339,487,11684,52,613,866,5494],"jetpack_featured_media_url":"https:\/\/pinews.com.br\/wp-content\/uploads\/2023\/07\/dsc-2268.jpg","_links":{"self":[{"href":"https:\/\/pinews.com.br\/index.php\/wp-json\/wp\/v2\/posts\/51711"}],"collection":[{"href":"https:\/\/pinews.com.br\/index.php\/wp-json\/wp\/v2\/posts"}],"about":[{"href":"https:\/\/pinews.com.br\/index.php\/wp-json\/wp\/v2\/types\/post"}],"author":[{"embeddable":true,"href":"https:\/\/pinews.com.br\/index.php\/wp-json\/wp\/v2\/users\/4"}],"replies":[{"embeddable":true,"href":"https:\/\/pinews.com.br\/index.php\/wp-json\/wp\/v2\/comments?post=51711"}],"version-history":[{"count":1,"href":"https:\/\/pinews.com.br\/index.php\/wp-json\/wp\/v2\/posts\/51711\/revisions"}],"predecessor-version":[{"id":51713,"href":"https:\/\/pinews.com.br\/index.php\/wp-json\/wp\/v2\/posts\/51711\/revisions\/51713"}],"wp:featuredmedia":[{"embeddable":true,"href":"https:\/\/pinews.com.br\/index.php\/wp-json\/wp\/v2\/media\/51712"}],"wp:attachment":[{"href":"https:\/\/pinews.com.br\/index.php\/wp-json\/wp\/v2\/media?parent=51711"}],"wp:term":[{"taxonomy":"category","embeddable":true,"href":"https:\/\/pinews.com.br\/index.php\/wp-json\/wp\/v2\/categories?post=51711"},{"taxonomy":"post_tag","embeddable":true,"href":"https:\/\/pinews.com.br\/index.php\/wp-json\/wp\/v2\/tags?post=51711"}],"curies":[{"name":"wp","href":"https:\/\/api.w.org\/{rel}","templated":true}]}}