{"id":51723,"date":"2023-07-26T21:16:18","date_gmt":"2023-07-27T00:16:18","guid":{"rendered":"https:\/\/pinews.com.br\/?p=51723"},"modified":"2023-07-26T21:16:19","modified_gmt":"2023-07-27T00:16:19","slug":"detento-pula-muro-e-foge-de-presidio-masculino-de-picos","status":"publish","type":"post","link":"https:\/\/pinews.com.br\/index.php\/2023\/07\/26\/detento-pula-muro-e-foge-de-presidio-masculino-de-picos\/","title":{"rendered":"Detento pula muro e foge de pres\u00eddio masculino de Picos"},"content":{"rendered":"\n<p>Nesta ter\u00e7a-feira (25) um detento identificado por Sharlo de Ara\u00fajo Amorim fugiu da penitenci\u00e1ria Jos\u00e9 de Deus Barros, em Picos. A informa\u00e7\u00e3o foi confirmada pela dire\u00e7\u00e3o do pres\u00eddio que informou que imagens de seguran\u00e7a flagraram o momento da fuga.<\/p>\n\n\n\n<p>Segundo o diretor, Adalberto Pereira da Silva, Sharlo Amorim estava na condi\u00e7\u00e3o de classificado e atuando na obra de reforma da penitenci\u00e1ria.<\/p>\n\n\n\n<p>&#8220;O preso estava como classificado e atuando na reforma da obra, onde recebia ajuda de custo e apresentava um bom trabalho. No entanto, ontem imagens flagraram o mesmo pulando o muro utilizando colete&#8221;, informou o diretor.<\/p>\n\n\n\n<p>Sharlo de Ara\u00fajo Amorim \u00e9 natural de Uni\u00e3o-PI e cumpria pena algum tempo na unidade prisional Jos\u00e9 de Deus Barros. As for\u00e7as policiais j\u00e1 foram acionadas sobre a fuga do detento com o objetivo que ele possa ser localizado e recapturado.<\/p>\n\n\n\n<p><strong>Fonte: Paula Monize\/ Cidade Verde <\/strong><\/p>\n","protected":false},"excerpt":{"rendered":"<p>Nesta ter\u00e7a-feira (25) um detento identificado por Sharlo de Ara\u00fajo Amorim fugiu da penitenci\u00e1ria Jos\u00e9 de Deus Barros, em Picos. A informa\u00e7\u00e3o foi confirmada pela dire\u00e7\u00e3o do pres\u00eddio que informou que imagens de seguran\u00e7a flagraram o momento da fuga. Segundo o diretor, Adalberto Pereira da Silva, Sharlo Amorim estava na condi\u00e7\u00e3o de classificado e atuando [&hellip;]<\/p>\n","protected":false},"author":1,"featured_media":51724,"comment_status":"open","ping_status":"open","sticky":false,"template":"","format":"standard","meta":{"beyondwords_generate_audio":"","beyondwords_project_id":"","beyondwords_podcast_id":"","beyondwords_hash":"","beyondwords_error_message":"","beyondwords_disabled":"","publish_post_to_speechkit":"","speechkit_generate_audio":"","speechkit_project_id":"","speechkit_podcast_id":"","speechkit_hash":"","speechkit_error_message":"","speechkit_disabled":"","speechkit_access_key":"","speechkit_error":"","speechkit_info":"","speechkit_response":"","speechkit_retries":"","_speechkit_link":"","_speechkit_text":""},"categories":[124,51,126,78],"tags":[44,857,1925,11685,155,125,858,6637],"jetpack_featured_media_url":"https:\/\/pinews.com.br\/wp-content\/uploads\/2023\/07\/9fab9cd95466faf2f2304615ccd70310.jpeg","_links":{"self":[{"href":"https:\/\/pinews.com.br\/index.php\/wp-json\/wp\/v2\/posts\/51723"}],"collection":[{"href":"https:\/\/pinews.com.br\/index.php\/wp-json\/wp\/v2\/posts"}],"about":[{"href":"https:\/\/pinews.com.br\/index.php\/wp-json\/wp\/v2\/types\/post"}],"author":[{"embeddable":true,"href":"https:\/\/pinews.com.br\/index.php\/wp-json\/wp\/v2\/users\/1"}],"replies":[{"embeddable":true,"href":"https:\/\/pinews.com.br\/index.php\/wp-json\/wp\/v2\/comments?post=51723"}],"version-history":[{"count":1,"href":"https:\/\/pinews.com.br\/index.php\/wp-json\/wp\/v2\/posts\/51723\/revisions"}],"predecessor-version":[{"id":51725,"href":"https:\/\/pinews.com.br\/index.php\/wp-json\/wp\/v2\/posts\/51723\/revisions\/51725"}],"wp:featuredmedia":[{"embeddable":true,"href":"https:\/\/pinews.com.br\/index.php\/wp-json\/wp\/v2\/media\/51724"}],"wp:attachment":[{"href":"https:\/\/pinews.com.br\/index.php\/wp-json\/wp\/v2\/media?parent=51723"}],"wp:term":[{"taxonomy":"category","embeddable":true,"href":"https:\/\/pinews.com.br\/index.php\/wp-json\/wp\/v2\/categories?post=51723"},{"taxonomy":"post_tag","embeddable":true,"href":"https:\/\/pinews.com.br\/index.php\/wp-json\/wp\/v2\/tags?post=51723"}],"curies":[{"name":"wp","href":"https:\/\/api.w.org\/{rel}","templated":true}]}}