{"id":51726,"date":"2023-07-26T21:20:14","date_gmt":"2023-07-27T00:20:14","guid":{"rendered":"https:\/\/pinews.com.br\/?p=51726"},"modified":"2023-07-26T21:20:16","modified_gmt":"2023-07-27T00:20:16","slug":"piauiense-de-25-anos-morre-apos-ficar-preso-nas-ferragens-em-grave-acidente-de-carro-em-minas-gerais","status":"publish","type":"post","link":"https:\/\/pinews.com.br\/index.php\/2023\/07\/26\/piauiense-de-25-anos-morre-apos-ficar-preso-nas-ferragens-em-grave-acidente-de-carro-em-minas-gerais\/","title":{"rendered":"Piauiense de 25 anos morre ap\u00f3s ficar preso nas ferragens em grave acidente de carro em Minas Gerais"},"content":{"rendered":"\n<p>Um homem identificado como Jayson Amorim Freitas, natural de Esperantina\/PI, morreu na \u00faltima nessa ter\u00e7a-feira (25\/07), ap\u00f3s sofrer grave acidente de carro em Ara\u00e7ua\u00ed, no Vale do Jequitinhonha, em Minas Gerais. Ele tinha 25 anos e trabalhava como T\u00e9cnico em Seguran\u00e7a do Trabalho. <\/p>\n\n\n\n<p>Jayson conduzia um ve\u00edculo Jimny Suzuki, da empresa em que trabalhava, que seguia do munic\u00edpio de Salinas para Ara\u00e7ua\u00ed, quando o carro se chocou com uma caminhonete Hilux, na BR-342. Junto com ele, estava Aleffi V\u00edtor Chaves Rocha, de 25 anos, que tamb\u00e9m ficou ferido. Um terceiro ve\u00edculo, uma picape Strata, tamb\u00e9m se envolveu no acidente.<\/p>\n\n\n\n<p>O esperantinense Jayson ficou preso \u00e0s ferragens e foi retirado do interior do ve\u00edculo por uma equipe do Corpo de Bombeiros que atendeu a ocorr\u00eancia, juntamente com o SAMU. Ele e o colega, al\u00e9m dos outros envolvidos no acidente, foram levados hospital S\u00e3o Vicente de Paulo, em Ara\u00e7ua\u00ed.<\/p>\n\n\n\n<p>Jayson foi submetido a uma cirurgia no quadril e joelho, e reagiu bem. Ele tamb\u00e9m recebeu transfus\u00e3o de sangue, pois perdeu muito sangue no acidente, mas acabou n\u00e3o resistindo e faleceu no in\u00edcio da madrugada dessa ter\u00e7a-feira (25\/07).<\/p>\n\n\n\n<p>O corpo de Jayson deve chegar na noite desta quarta-feira (26.jul) em Esperantina, onde ser\u00e1 velado na localidade Lagoa da Cai\u00e7ara, onde residia com a fam\u00edlia. O jovem era casado e deixa uma filha ainda beb\u00ea.<\/p>\n\n\n\n<p><strong>Fonte: 180 graus\/ As informa\u00e7\u00f5es s\u00e3o do Revista AZ<\/strong><\/p>\n","protected":false},"excerpt":{"rendered":"<p>Um homem identificado como Jayson Amorim Freitas, natural de Esperantina\/PI, morreu na \u00faltima nessa ter\u00e7a-feira (25\/07), ap\u00f3s sofrer grave acidente de carro em Ara\u00e7ua\u00ed, no Vale do Jequitinhonha, em Minas Gerais. Ele tinha 25 anos e trabalhava como T\u00e9cnico em Seguran\u00e7a do Trabalho. Jayson conduzia um ve\u00edculo Jimny Suzuki, da empresa em que trabalhava, que [&hellip;]<\/p>\n","protected":false},"author":1,"featured_media":51727,"comment_status":"open","ping_status":"open","sticky":false,"template":"","format":"standard","meta":{"beyondwords_generate_audio":"","beyondwords_project_id":"","beyondwords_podcast_id":"","beyondwords_hash":"","beyondwords_error_message":"","beyondwords_disabled":"","publish_post_to_speechkit":"","speechkit_generate_audio":"","speechkit_project_id":"","speechkit_podcast_id":"","speechkit_hash":"","speechkit_error_message":"","speechkit_disabled":"","speechkit_access_key":"","speechkit_error":"","speechkit_info":"","speechkit_response":"","speechkit_retries":"","_speechkit_link":"","_speechkit_text":""},"categories":[134,51],"tags":[1155,176,82,70,62,44,46,1624,6715,7632,404,7633,119,826,511,79],"jetpack_featured_media_url":"https:\/\/pinews.com.br\/wp-content\/uploads\/2023\/07\/images-2023-07-26T211803.761.jpeg","_links":{"self":[{"href":"https:\/\/pinews.com.br\/index.php\/wp-json\/wp\/v2\/posts\/51726"}],"collection":[{"href":"https:\/\/pinews.com.br\/index.php\/wp-json\/wp\/v2\/posts"}],"about":[{"href":"https:\/\/pinews.com.br\/index.php\/wp-json\/wp\/v2\/types\/post"}],"author":[{"embeddable":true,"href":"https:\/\/pinews.com.br\/index.php\/wp-json\/wp\/v2\/users\/1"}],"replies":[{"embeddable":true,"href":"https:\/\/pinews.com.br\/index.php\/wp-json\/wp\/v2\/comments?post=51726"}],"version-history":[{"count":1,"href":"https:\/\/pinews.com.br\/index.php\/wp-json\/wp\/v2\/posts\/51726\/revisions"}],"predecessor-version":[{"id":51728,"href":"https:\/\/pinews.com.br\/index.php\/wp-json\/wp\/v2\/posts\/51726\/revisions\/51728"}],"wp:featuredmedia":[{"embeddable":true,"href":"https:\/\/pinews.com.br\/index.php\/wp-json\/wp\/v2\/media\/51727"}],"wp:attachment":[{"href":"https:\/\/pinews.com.br\/index.php\/wp-json\/wp\/v2\/media?parent=51726"}],"wp:term":[{"taxonomy":"category","embeddable":true,"href":"https:\/\/pinews.com.br\/index.php\/wp-json\/wp\/v2\/categories?post=51726"},{"taxonomy":"post_tag","embeddable":true,"href":"https:\/\/pinews.com.br\/index.php\/wp-json\/wp\/v2\/tags?post=51726"}],"curies":[{"name":"wp","href":"https:\/\/api.w.org\/{rel}","templated":true}]}}