{"id":51752,"date":"2023-07-27T20:38:01","date_gmt":"2023-07-27T23:38:01","guid":{"rendered":"https:\/\/pinews.com.br\/?p=51752"},"modified":"2023-07-27T20:38:04","modified_gmt":"2023-07-27T23:38:04","slug":"ex-capitao-da-pmpi-condenado-por-morte-da-namorada-e-preso-por-estupro-de-vulneravel","status":"publish","type":"post","link":"https:\/\/pinews.com.br\/index.php\/2023\/07\/27\/ex-capitao-da-pmpi-condenado-por-morte-da-namorada-e-preso-por-estupro-de-vulneravel\/","title":{"rendered":"Ex-capit\u00e3o da PMPI condenado por morte da namorada \u00e9 preso por estupro de vulner\u00e1vel"},"content":{"rendered":"\n<p>Cinco anos ap\u00f3s ser condenado pela morte da estudante de Direito, Camilla Abreu, o ex-capit\u00e3o da Pol\u00edcia Militar do Piau\u00ed, Allisson Wattson, enfrenta agora uma nova acusa\u00e7\u00e3o, estupro de vulner\u00e1vel. O cumprimento do mandado de pris\u00e3o ocorreu na noite desta segunda-feira\u00a0(24\/07), por volta das 20h. <\/p>\n\n\n\n<p>O acusado do crime, cumpria regime semiaberto na Col\u00f4nia Agr\u00edcola Major C\u00e9sar de Oliveira. Ap\u00f3s ser recapturado pela Policia Civil do Piau\u00ed, Allisson Wattson foi transferido para a Penitenci\u00e1ria Regional Irm\u00e3o Guido, localizada no munic\u00edpio de Altos.<\/p>\n\n\n\n<p>O caso choca a popula\u00e7\u00e3o do Piau\u00ed, que ainda se recorda da trag\u00e9dia envolvendo a morte de Camilla Abreu em 2017. Agora, as investiga\u00e7\u00f5es revelaram um novo crime que resultou na pris\u00e3o preventiva do ex-capit\u00e3o da PMPI.<\/p>\n\n\n\n<p>Os detalhes sobre a identidade da v\u00edtima e as circunst\u00e2ncias do crime n\u00e3o foram divulgados pelas autoridades. O estupro de vulner\u00e1vel \u00e9 caracterizado quando o agressor se aproveita da condi\u00e7\u00e3o de vulnerabilidade da v\u00edtima, que \u00e9 menor de 14 anos ou possui alguma defici\u00eancia, impossibilitando o pleno entendimento do ato.<\/p>\n\n\n\n<p><strong>Entenda o caso \u2013 Camilla Abreu:<\/strong><\/p>\n\n\n\n<p>A jovem desapareceu ap\u00f3s ser vista pela \u00faltima vez em um bar na companhia de seu namorado, Allison Watson, um ex-capit\u00e3o da Pol\u00edcia Militar.<\/p>\n\n\n\n<p>A partir do momento em que Camilla desapareceu, Allisson ficou dois dias sem prestar informa\u00e7\u00f5es, retornando somente no s\u00e1bado seguinte, afirmando que havia deixado a jovem em casa na noite do sumi\u00e7o. No entanto, sua vers\u00e3o dos fatos n\u00e3o convenceu a fam\u00edlia de Camilla, que prontamente denunciou o caso ao Departamento de Homic\u00eddios e Prote\u00e7\u00e3o \u00e0 Pessoa (DHPP), respons\u00e1vel por conduzir as investiga\u00e7\u00f5es.<\/p>\n\n\n\n<p>A angustiante busca por respostas ganhou um desfecho terr\u00edvel quando, em 31 de outubro, o ex-policial militar revelou o local onde o corpo de Camilla estava. As evid\u00eancias coletadas durante a investiga\u00e7\u00e3o levaram \u00e0 decreta\u00e7\u00e3o de sua pris\u00e3o em flagrante, a qual foi posteriormente convertida em pris\u00e3o preventiva no dia seguinte.<\/p>\n\n\n\n<p>Para al\u00e9m das consequ\u00eancias legais, as a\u00e7\u00f5es de Allisson Wattson tamb\u00e9m ecoaram dentro da corpora\u00e7\u00e3o policial. Em fevereiro de 2019, o Tribunal de Justi\u00e7a do Piau\u00ed decidiu, por unanimidade, pela sua expuls\u00e3o da Pol\u00edcia Militar, evidenciando a gravidade dos acontecimentos e a responsabilidade do ex-capit\u00e3o nos eventos relacionados ao caso.<\/p>\n\n\n\n<p>O F\u00f3rum Criminal de Teresina presidido pela ju\u00edza Rita de C\u00e1ssia da Silva, condenou Allisson Wattson da Silva Nascimento, a 17 anos, 7 meses e 21 dias de reclus\u00e3o e mais 4 meses e 20 dias de deten\u00e7\u00e3o, iniciando em regime fechado.<\/p>\n\n\n\n<p><strong>Fonte: 180 graus\/ As informa\u00e7\u00f5es s\u00e3o do\u00a0Agita Comunica\u00e7\u00e3o<\/strong><\/p>\n\n\n\n<p><\/p>\n","protected":false},"excerpt":{"rendered":"<p>Cinco anos ap\u00f3s ser condenado pela morte da estudante de Direito, Camilla Abreu, o ex-capit\u00e3o da Pol\u00edcia Militar do Piau\u00ed, Allisson Wattson, enfrenta agora uma nova acusa\u00e7\u00e3o, estupro de vulner\u00e1vel. O cumprimento do mandado de pris\u00e3o ocorreu na noite desta segunda-feira\u00a0(24\/07), por volta das 20h. O acusado do crime, cumpria regime semiaberto na Col\u00f4nia Agr\u00edcola [&hellip;]<\/p>\n","protected":false},"author":1,"featured_media":51753,"comment_status":"open","ping_status":"open","sticky":false,"template":"","format":"standard","meta":{"beyondwords_generate_audio":"","beyondwords_project_id":"","beyondwords_podcast_id":"","beyondwords_hash":"","beyondwords_error_message":"","beyondwords_disabled":"","publish_post_to_speechkit":"","speechkit_generate_audio":"","speechkit_project_id":"","speechkit_podcast_id":"","speechkit_hash":"","speechkit_error_message":"","speechkit_disabled":"","speechkit_access_key":"","speechkit_error":"","speechkit_info":"","speechkit_response":"","speechkit_retries":"","_speechkit_link":"","_speechkit_text":""},"categories":[51,78],"tags":[474,122,44,72,236,11688,223,1676,6066,59,79,241],"jetpack_featured_media_url":"https:\/\/pinews.com.br\/wp-content\/uploads\/2023\/07\/allisson-wattson-da-silva-nascimento-e1690465581858_-1083051716475881318.webp","_links":{"self":[{"href":"https:\/\/pinews.com.br\/index.php\/wp-json\/wp\/v2\/posts\/51752"}],"collection":[{"href":"https:\/\/pinews.com.br\/index.php\/wp-json\/wp\/v2\/posts"}],"about":[{"href":"https:\/\/pinews.com.br\/index.php\/wp-json\/wp\/v2\/types\/post"}],"author":[{"embeddable":true,"href":"https:\/\/pinews.com.br\/index.php\/wp-json\/wp\/v2\/users\/1"}],"replies":[{"embeddable":true,"href":"https:\/\/pinews.com.br\/index.php\/wp-json\/wp\/v2\/comments?post=51752"}],"version-history":[{"count":1,"href":"https:\/\/pinews.com.br\/index.php\/wp-json\/wp\/v2\/posts\/51752\/revisions"}],"predecessor-version":[{"id":51754,"href":"https:\/\/pinews.com.br\/index.php\/wp-json\/wp\/v2\/posts\/51752\/revisions\/51754"}],"wp:featuredmedia":[{"embeddable":true,"href":"https:\/\/pinews.com.br\/index.php\/wp-json\/wp\/v2\/media\/51753"}],"wp:attachment":[{"href":"https:\/\/pinews.com.br\/index.php\/wp-json\/wp\/v2\/media?parent=51752"}],"wp:term":[{"taxonomy":"category","embeddable":true,"href":"https:\/\/pinews.com.br\/index.php\/wp-json\/wp\/v2\/categories?post=51752"},{"taxonomy":"post_tag","embeddable":true,"href":"https:\/\/pinews.com.br\/index.php\/wp-json\/wp\/v2\/tags?post=51752"}],"curies":[{"name":"wp","href":"https:\/\/api.w.org\/{rel}","templated":true}]}}