{"id":51788,"date":"2023-07-29T11:14:03","date_gmt":"2023-07-29T14:14:03","guid":{"rendered":"https:\/\/pinews.com.br\/?p=51788"},"modified":"2023-07-29T11:14:05","modified_gmt":"2023-07-29T14:14:05","slug":"policiais-penais-encontram-celulares-drogas-e-arma-de-fogo-em-penitenciaria-no-piaui","status":"publish","type":"post","link":"https:\/\/pinews.com.br\/index.php\/2023\/07\/29\/policiais-penais-encontram-celulares-drogas-e-arma-de-fogo-em-penitenciaria-no-piaui\/","title":{"rendered":"Policiais penais encontram celulares, drogas e arma de fogo em penitenci\u00e1ria no Piau\u00ed"},"content":{"rendered":"\n<p>Policiais penais da Col\u00f4nia Agr\u00edcola Major C\u00e9sar apreenderam, nessa sexta-feira (28), uma arma de fogo, muni\u00e7\u00f5es, drogas e celulares ap\u00f3s vistoria na unidade penal. Um interno foi identificado como dono do material. A penitenci\u00e1ria est\u00e1 localizada na BR-343, em\u00a0Altos, Norte do Piau\u00ed.<\/p>\n\n\n\n<p>Segundo a Secretaria de Justi\u00e7a do Piau\u00ed (Sejus), a apreens\u00e3o aconteceu depois que policiais avistaram, por meio de c\u00e2meras de monitoramento, dois homens em movimenta\u00e7\u00e3o suspeita no per\u00edmetro da unidade penal. A&nbsp;dupla estaria tentando passar o material&nbsp;para um detento da penitenci\u00e1ria.<\/p>\n\n\n\n<p>Ap\u00f3s ser identificado como o dono, o interno, que n\u00e3o teve o nome divulgado, foi conduzido ao Departamento de Repress\u00e3o ao Crime Organizado (Draco), em\u00a0Teresina, para procedimentos legais.<\/p>\n\n\n\n<p>As vistorias nas unidades penais, conforme a Sejus, s\u00e3o uma das medidas para coibir o acesso de materiais il\u00edcitos. As a\u00e7\u00f5es s\u00e3o recorrentes em todo o sistema prisional, de acordo com a secretaria.<\/p>\n\n\n\n<p><strong>Fonte: G1 PI <\/strong><\/p>\n","protected":false},"excerpt":{"rendered":"<p>Policiais penais da Col\u00f4nia Agr\u00edcola Major C\u00e9sar apreenderam, nessa sexta-feira (28), uma arma de fogo, muni\u00e7\u00f5es, drogas e celulares ap\u00f3s vistoria na unidade penal. Um interno foi identificado como dono do material. A penitenci\u00e1ria est\u00e1 localizada na BR-343, em\u00a0Altos, Norte do Piau\u00ed. Segundo a Secretaria de Justi\u00e7a do Piau\u00ed (Sejus), a apreens\u00e3o aconteceu depois que [&hellip;]<\/p>\n","protected":false},"author":4,"featured_media":51789,"comment_status":"open","ping_status":"open","sticky":false,"template":"","format":"standard","meta":{"beyondwords_generate_audio":"","beyondwords_project_id":"","beyondwords_podcast_id":"","beyondwords_hash":"","beyondwords_error_message":"","beyondwords_disabled":"","publish_post_to_speechkit":"","speechkit_generate_audio":"","speechkit_project_id":"","speechkit_podcast_id":"","speechkit_hash":"","speechkit_error_message":"","speechkit_disabled":"","speechkit_access_key":"","speechkit_error":"","speechkit_info":"","speechkit_response":"","speechkit_retries":"","_speechkit_link":"","_speechkit_text":""},"categories":[51,78],"tags":[326,658,44,193,46,1038,1675,11693,1417,52,384],"jetpack_featured_media_url":"https:\/\/pinews.com.br\/wp-content\/uploads\/2023\/07\/whatsapp-image-2023-07-29-at-07.14.17.jpeg","_links":{"self":[{"href":"https:\/\/pinews.com.br\/index.php\/wp-json\/wp\/v2\/posts\/51788"}],"collection":[{"href":"https:\/\/pinews.com.br\/index.php\/wp-json\/wp\/v2\/posts"}],"about":[{"href":"https:\/\/pinews.com.br\/index.php\/wp-json\/wp\/v2\/types\/post"}],"author":[{"embeddable":true,"href":"https:\/\/pinews.com.br\/index.php\/wp-json\/wp\/v2\/users\/4"}],"replies":[{"embeddable":true,"href":"https:\/\/pinews.com.br\/index.php\/wp-json\/wp\/v2\/comments?post=51788"}],"version-history":[{"count":1,"href":"https:\/\/pinews.com.br\/index.php\/wp-json\/wp\/v2\/posts\/51788\/revisions"}],"predecessor-version":[{"id":51790,"href":"https:\/\/pinews.com.br\/index.php\/wp-json\/wp\/v2\/posts\/51788\/revisions\/51790"}],"wp:featuredmedia":[{"embeddable":true,"href":"https:\/\/pinews.com.br\/index.php\/wp-json\/wp\/v2\/media\/51789"}],"wp:attachment":[{"href":"https:\/\/pinews.com.br\/index.php\/wp-json\/wp\/v2\/media?parent=51788"}],"wp:term":[{"taxonomy":"category","embeddable":true,"href":"https:\/\/pinews.com.br\/index.php\/wp-json\/wp\/v2\/categories?post=51788"},{"taxonomy":"post_tag","embeddable":true,"href":"https:\/\/pinews.com.br\/index.php\/wp-json\/wp\/v2\/tags?post=51788"}],"curies":[{"name":"wp","href":"https:\/\/api.w.org\/{rel}","templated":true}]}}