{"id":51811,"date":"2023-07-30T11:59:53","date_gmt":"2023-07-30T14:59:53","guid":{"rendered":"https:\/\/pinews.com.br\/?p=51811"},"modified":"2023-07-30T12:01:23","modified_gmt":"2023-07-30T15:01:23","slug":"homem-e-baleado-em-tentativa-de-homicidio-dentro-de-casa-no-litoral-do-piaui","status":"publish","type":"post","link":"https:\/\/pinews.com.br\/index.php\/2023\/07\/30\/homem-e-baleado-em-tentativa-de-homicidio-dentro-de-casa-no-litoral-do-piaui\/","title":{"rendered":"Homem \u00e9 baleado em tentativa de homic\u00eddio dentro de casa no litoral do Piau\u00ed"},"content":{"rendered":"\n<p>Alailson de Carvalho Albuquerque, de 35 anos, foi baleado em pelo menos tr\u00eas lugares durante uma tentativa de homic\u00eddio, na tarde de s\u00e1bado (29), no Conjunto Broder Viller, em Parna\u00edba, litoral do Piau\u00ed.<\/p>\n\n\n\n<p>Segundo a Pol\u00edcia Militar, a v\u00edtima estava em sua resid\u00eancia quando um jovem invadiu a casa e atirou v\u00e1rias vezes contra ela. Alailson foi atingido no bra\u00e7o, t\u00f3rax e perna.<\/p>\n\n\n\n<p>Conforme a PM, ele e a fam\u00edlia n\u00e3o souberam informar o que teria motivado a tentativa de homic\u00eddio. Eles informaram para pol\u00edcia a identidade do suspeito, que tem passagens por alguns homic\u00eddios cometidos na cidade.<\/p>\n\n\n\n<p>A v\u00edtima foi socorrida pelo Servi\u00e7o de Atendimento M\u00f3vel de Urg\u00eancia (Samu) e levada para o Hospital Estadual Dirceu Arcoverde (HEDA), onde passaria por cirurgia. N\u00e3o h\u00e1 mais informa\u00e7\u00f5es sobre seu estado de sa\u00fade.<\/p>\n\n\n\n<p>O caso ser\u00e1 investigado pela Pol\u00edcia Civil, atrav\u00e9s da Delegacia de Combate ao Homic\u00eddio, Tr\u00e1fico de Drogas e Latroc\u00ednio (DHTL) de Parna\u00edba.<\/p>\n\n\n\n<p><strong>Fonte: G1 PI <\/strong><\/p>\n","protected":false},"excerpt":{"rendered":"<p>Alailson de Carvalho Albuquerque, de 35 anos, foi baleado em pelo menos tr\u00eas lugares durante uma tentativa de homic\u00eddio, na tarde de s\u00e1bado (29), no Conjunto Broder Viller, em Parna\u00edba, litoral do Piau\u00ed. Segundo a Pol\u00edcia Militar, a v\u00edtima estava em sua resid\u00eancia quando um jovem invadiu a casa e atirou v\u00e1rias vezes contra ela. [&hellip;]<\/p>\n","protected":false},"author":4,"featured_media":51812,"comment_status":"open","ping_status":"open","sticky":false,"template":"","format":"standard","meta":{"beyondwords_generate_audio":"","beyondwords_project_id":"","beyondwords_podcast_id":"","beyondwords_hash":"","beyondwords_error_message":"","beyondwords_disabled":"","publish_post_to_speechkit":"","speechkit_generate_audio":"","speechkit_project_id":"","speechkit_podcast_id":"","speechkit_hash":"","speechkit_error_message":"","speechkit_disabled":"","speechkit_access_key":"","speechkit_error":"","speechkit_info":"","speechkit_response":"","speechkit_retries":"","_speechkit_link":"","_speechkit_text":""},"categories":[51,78],"tags":[854,149,44,192,72,46,84,162,202,52,164],"jetpack_featured_media_url":"https:\/\/pinews.com.br\/wp-content\/uploads\/2023\/07\/whatsapp-image-2021-02-24-at-11.16.29.jpeg","_links":{"self":[{"href":"https:\/\/pinews.com.br\/index.php\/wp-json\/wp\/v2\/posts\/51811"}],"collection":[{"href":"https:\/\/pinews.com.br\/index.php\/wp-json\/wp\/v2\/posts"}],"about":[{"href":"https:\/\/pinews.com.br\/index.php\/wp-json\/wp\/v2\/types\/post"}],"author":[{"embeddable":true,"href":"https:\/\/pinews.com.br\/index.php\/wp-json\/wp\/v2\/users\/4"}],"replies":[{"embeddable":true,"href":"https:\/\/pinews.com.br\/index.php\/wp-json\/wp\/v2\/comments?post=51811"}],"version-history":[{"count":1,"href":"https:\/\/pinews.com.br\/index.php\/wp-json\/wp\/v2\/posts\/51811\/revisions"}],"predecessor-version":[{"id":51813,"href":"https:\/\/pinews.com.br\/index.php\/wp-json\/wp\/v2\/posts\/51811\/revisions\/51813"}],"wp:featuredmedia":[{"embeddable":true,"href":"https:\/\/pinews.com.br\/index.php\/wp-json\/wp\/v2\/media\/51812"}],"wp:attachment":[{"href":"https:\/\/pinews.com.br\/index.php\/wp-json\/wp\/v2\/media?parent=51811"}],"wp:term":[{"taxonomy":"category","embeddable":true,"href":"https:\/\/pinews.com.br\/index.php\/wp-json\/wp\/v2\/categories?post=51811"},{"taxonomy":"post_tag","embeddable":true,"href":"https:\/\/pinews.com.br\/index.php\/wp-json\/wp\/v2\/tags?post=51811"}],"curies":[{"name":"wp","href":"https:\/\/api.w.org\/{rel}","templated":true}]}}