{"id":51830,"date":"2023-07-31T11:01:43","date_gmt":"2023-07-31T14:01:43","guid":{"rendered":"https:\/\/pinews.com.br\/?p=51830"},"modified":"2023-07-31T11:01:45","modified_gmt":"2023-07-31T14:01:45","slug":"filho-e-preso-apos-manter-o-pai-como-refem-por-quase-4-horas-no-piaui","status":"publish","type":"post","link":"https:\/\/pinews.com.br\/index.php\/2023\/07\/31\/filho-e-preso-apos-manter-o-pai-como-refem-por-quase-4-horas-no-piaui\/","title":{"rendered":"Filho \u00e9 preso ap\u00f3s manter o pai como ref\u00e9m por quase 4 horas no Piau\u00ed"},"content":{"rendered":"\n<p>Um homem de 38 anos foi preso ap\u00f3s manter um pai como ref\u00e9m por quase quatro horas em uma resid\u00eancia no bairro S\u00e3o Jo\u00e3o, na zona Leste de Teresina, na madrugada desta segunda-feira (31). Segundo a Pol\u00edcia Militar, o homem teve um surto psic\u00f3tico.<\/p>\n\n\n\n<p>O Batalh\u00e3o de Opera\u00e7\u00f5es Especiais (Bope) foi acionado por volta das 3h da madrugada sobre uma ocorr\u00eancia referente a um homem que estava usando uma faca e fazendo amea\u00e7as contra o pai, de 58 anos.&nbsp;<\/p>\n\n\n\n<p>\u201cO Bope foi acionado pelo Copom por volta das 3h, quando se deslocou para a resid\u00eancia no bairro S\u00e3o Jo\u00e3o. Uma equipe da For\u00e7a T\u00e1tica do 8\u00ba BPM j\u00e1 estava l\u00e1 fazendo o isolamento, e seguindo o protocolo de gerenciamento de crise, j\u00e1 foi acionada uma ambul\u00e2ncia do Samu. Depois que tudo foi organizado, foram iniciadas as negocia\u00e7\u00f5es entre o nosso negociador, e o CEC, que \u00e9 o que chamamos de causador do evento cr\u00edtico\u201d, informou o major Franc\u00edlio, comandante do Bope.<\/p>\n\n\n\n<p>Segundo o major, o pai foi visitar o filho ao perceber que ele estava alterado. \u201cEle estava em surto, e por conta disso o pai dele foi at\u00e9 a resid\u00eancia. L\u00e1 o pai informou via telefone, atrav\u00e9s de mensagens para a esposa, que estava com medo, porque ele estava violento. O filho percebeu essa mensagem, tomou o celular do pai. Como a esposa n\u00e3o conseguiu mais contato com o marido, chamou a pol\u00edcia, que foi at\u00e9 o local e constatou que ele estava mantendo o pai como ref\u00e9m\u201d, explicou o comandante.<\/p>\n\n\n\n<p>O homem usava uma faca para amea\u00e7ar o pai. Ap\u00f3s quase 4 horas de negocia\u00e7\u00e3o, o indiv\u00edduo decidiu se entregar por volta das 7h da manh\u00e3 dessa segunda-feira.<\/p>\n\n\n\n<p>\u201cO causador do enfrentamento cr\u00edtico estava em surto psic\u00f3tico e estava mantendo o pai como ref\u00e9m no interior da resid\u00eancia e fazendo amea\u00e7as com uma faca. Ele gritava e falava coisas desconexas. Foi usado todo o protocolo e t\u00e9cnicas de negocia\u00e7\u00e3o. Depois de quase 4h de negocia\u00e7\u00e3o o ref\u00e9m foi liberado. O Bope entrou na resid\u00eancia para a retirada do ref\u00e9m e fez a pris\u00e3o do indiv\u00edduo, que foi levado para a Central de Flagrantes. O pai n\u00e3o ficou ferido, mas estava muito nervoso e foi atendido pelo Samu\u201d, informou.<\/p>\n\n\n\n<p>O comandante explicou que manter um di\u00e1logo com o homem foi fundamental para a libera\u00e7\u00e3o do ref\u00e9m. \u201cA t\u00e9cnica principal na negocia\u00e7\u00e3o \u00e9 tentar acalmar o causador do evento cr\u00edtico e tentar estabelecer uma conversa e resolver a situa\u00e7\u00e3o sem um emprego da for\u00e7a. A negocia\u00e7\u00e3o tamb\u00e9m avan\u00e7ou quando os efeitos do surto foram passando e ele melhorou. A fam\u00edlia relatou que ele tinha tido outros surtos, mas n\u00e3o com esse n\u00edvel de viol\u00eancia\u201d, disse o major Franc\u00edlio.<\/p>\n\n\n\n<p>O preso foi encaminhado pela For\u00e7a T\u00e1tica do 8\u00b0 BPM para a Central de Flagrantes de Teresina.<\/p>\n\n\n\n<p><br><strong>Fonte: B\u00e1rbara Rodrigues\/ Cidade Verde <\/strong><\/p>\n","protected":false},"excerpt":{"rendered":"<p>Um homem de 38 anos foi preso ap\u00f3s manter um pai como ref\u00e9m por quase quatro horas em uma resid\u00eancia no bairro S\u00e3o Jo\u00e3o, na zona Leste de Teresina, na madrugada desta segunda-feira (31). Segundo a Pol\u00edcia Militar, o homem teve um surto psic\u00f3tico. O Batalh\u00e3o de Opera\u00e7\u00f5es Especiais (Bope) foi acionado por volta das [&hellip;]<\/p>\n","protected":false},"author":4,"featured_media":51831,"comment_status":"open","ping_status":"open","sticky":false,"template":"","format":"standard","meta":{"beyondwords_generate_audio":"","beyondwords_project_id":"","beyondwords_podcast_id":"","beyondwords_hash":"","beyondwords_error_message":"","beyondwords_disabled":"","publish_post_to_speechkit":"","speechkit_generate_audio":"","speechkit_project_id":"","speechkit_podcast_id":"","speechkit_hash":"","speechkit_error_message":"","speechkit_disabled":"","speechkit_access_key":"","speechkit_error":"","speechkit_info":"","speechkit_response":"","speechkit_retries":"","_speechkit_link":"","_speechkit_text":""},"categories":[51,78,81],"tags":[70,420,72,289,5344,534,290,52,59,79,323,270],"jetpack_featured_media_url":"https:\/\/pinews.com.br\/wp-content\/uploads\/2023\/07\/669caae5f8bc41d4c277a03991d7a637.jpg","_links":{"self":[{"href":"https:\/\/pinews.com.br\/index.php\/wp-json\/wp\/v2\/posts\/51830"}],"collection":[{"href":"https:\/\/pinews.com.br\/index.php\/wp-json\/wp\/v2\/posts"}],"about":[{"href":"https:\/\/pinews.com.br\/index.php\/wp-json\/wp\/v2\/types\/post"}],"author":[{"embeddable":true,"href":"https:\/\/pinews.com.br\/index.php\/wp-json\/wp\/v2\/users\/4"}],"replies":[{"embeddable":true,"href":"https:\/\/pinews.com.br\/index.php\/wp-json\/wp\/v2\/comments?post=51830"}],"version-history":[{"count":1,"href":"https:\/\/pinews.com.br\/index.php\/wp-json\/wp\/v2\/posts\/51830\/revisions"}],"predecessor-version":[{"id":51832,"href":"https:\/\/pinews.com.br\/index.php\/wp-json\/wp\/v2\/posts\/51830\/revisions\/51832"}],"wp:featuredmedia":[{"embeddable":true,"href":"https:\/\/pinews.com.br\/index.php\/wp-json\/wp\/v2\/media\/51831"}],"wp:attachment":[{"href":"https:\/\/pinews.com.br\/index.php\/wp-json\/wp\/v2\/media?parent=51830"}],"wp:term":[{"taxonomy":"category","embeddable":true,"href":"https:\/\/pinews.com.br\/index.php\/wp-json\/wp\/v2\/categories?post=51830"},{"taxonomy":"post_tag","embeddable":true,"href":"https:\/\/pinews.com.br\/index.php\/wp-json\/wp\/v2\/tags?post=51830"}],"curies":[{"name":"wp","href":"https:\/\/api.w.org\/{rel}","templated":true}]}}