{"id":51837,"date":"2023-07-31T11:08:10","date_gmt":"2023-07-31T14:08:10","guid":{"rendered":"https:\/\/pinews.com.br\/?p=51837"},"modified":"2023-07-31T11:08:13","modified_gmt":"2023-07-31T14:08:13","slug":"mulher-de-sao-juliao-e-espancada-pelo-ex-namorado-em-colonia-do-piaui","status":"publish","type":"post","link":"https:\/\/pinews.com.br\/index.php\/2023\/07\/31\/mulher-de-sao-juliao-e-espancada-pelo-ex-namorado-em-colonia-do-piaui\/","title":{"rendered":"Mulher de S\u00e3o Juli\u00e3o \u00e9 espancada pelo ex-namorado em Col\u00f4nia do Piau\u00ed"},"content":{"rendered":"\n<p>Uma mulher foi covardemente agredida na manh\u00e3 deste s\u00e1bado, 29, em Col\u00f4nia do Piau\u00ed. O ato de viol\u00eancia foi praticado por A. J. N. da S., conhecido por \u201cPez\u00e3o\u201d e teve como v\u00edtima Darilene Batista dos Santos. A v\u00edtima possui uma medida protetiva contra o agressor.<\/p>\n\n\n\n<p>Darilene \u00e9 do povado Mandacaru, munic\u00edpio de S\u00e3o Juli\u00e3o, mas morava em Oeiras. Para evitar poss\u00edveis agress\u00f5es do ex-namorado, estava passando uns dias em Col\u00f4nia do Piau\u00ed.<\/p>\n\n\n\n<p>Na noite desta sexta-feira, Darilene foi a uma festa em Santo In\u00e1cio do Piau\u00ed e quando retornou foi surpreendida por Pez\u00e3o, que violentamente a agrediu, provocando les\u00f5es s\u00e9rias, principalmente na face, com uma poss\u00edvel fratura no maxilar e afundamento na testa. Socorrida, ela foi conduzida \u00e0 UPA de Oeiras.<\/p>\n\n\n\n<p>Ap\u00f3s as agress\u00f5es, o acusado fugiu em dire\u00e7\u00e3o a Oeiras e a pol\u00edcia est\u00e1 em dilig\u00eancias para prend\u00ea-lo. A fam\u00edlia de Darilene de S\u00e3o Juli\u00e3o j\u00e1 foi contatada e vai ao seu encontro para acompanh\u00e1-la de perto durante a sua recupera\u00e7\u00e3o.<\/p>\n\n\n\n<p><strong>Fonte: Portal \u00c9 Not\u00edcias \/Com informa\u00e7\u00f5es do Mural da Vila<\/strong><\/p>\n","protected":false},"excerpt":{"rendered":"<p>Uma mulher foi covardemente agredida na manh\u00e3 deste s\u00e1bado, 29, em Col\u00f4nia do Piau\u00ed. O ato de viol\u00eancia foi praticado por A. J. N. da S., conhecido por \u201cPez\u00e3o\u201d e teve como v\u00edtima Darilene Batista dos Santos. A v\u00edtima possui uma medida protetiva contra o agressor. Darilene \u00e9 do povado Mandacaru, munic\u00edpio de S\u00e3o Juli\u00e3o, [&hellip;]<\/p>\n","protected":false},"author":1,"featured_media":51838,"comment_status":"open","ping_status":"open","sticky":false,"template":"","format":"standard","meta":{"beyondwords_generate_audio":"","beyondwords_project_id":"","beyondwords_podcast_id":"","beyondwords_hash":"","beyondwords_error_message":"","beyondwords_disabled":"","publish_post_to_speechkit":"","speechkit_generate_audio":"","speechkit_project_id":"","speechkit_podcast_id":"","speechkit_hash":"","speechkit_error_message":"","speechkit_disabled":"","speechkit_access_key":"","speechkit_error":"","speechkit_info":"","speechkit_response":"","speechkit_retries":"","_speechkit_link":"","_speechkit_text":""},"categories":[124,51,78,500],"tags":[11697,44,72,46,1736,6145,499,135,137,52,362],"jetpack_featured_media_url":"https:\/\/pinews.com.br\/wp-content\/uploads\/2023\/07\/60ea53a4-ef54-4448-8157-a8ea832415a7.jpg","_links":{"self":[{"href":"https:\/\/pinews.com.br\/index.php\/wp-json\/wp\/v2\/posts\/51837"}],"collection":[{"href":"https:\/\/pinews.com.br\/index.php\/wp-json\/wp\/v2\/posts"}],"about":[{"href":"https:\/\/pinews.com.br\/index.php\/wp-json\/wp\/v2\/types\/post"}],"author":[{"embeddable":true,"href":"https:\/\/pinews.com.br\/index.php\/wp-json\/wp\/v2\/users\/1"}],"replies":[{"embeddable":true,"href":"https:\/\/pinews.com.br\/index.php\/wp-json\/wp\/v2\/comments?post=51837"}],"version-history":[{"count":1,"href":"https:\/\/pinews.com.br\/index.php\/wp-json\/wp\/v2\/posts\/51837\/revisions"}],"predecessor-version":[{"id":51839,"href":"https:\/\/pinews.com.br\/index.php\/wp-json\/wp\/v2\/posts\/51837\/revisions\/51839"}],"wp:featuredmedia":[{"embeddable":true,"href":"https:\/\/pinews.com.br\/index.php\/wp-json\/wp\/v2\/media\/51838"}],"wp:attachment":[{"href":"https:\/\/pinews.com.br\/index.php\/wp-json\/wp\/v2\/media?parent=51837"}],"wp:term":[{"taxonomy":"category","embeddable":true,"href":"https:\/\/pinews.com.br\/index.php\/wp-json\/wp\/v2\/categories?post=51837"},{"taxonomy":"post_tag","embeddable":true,"href":"https:\/\/pinews.com.br\/index.php\/wp-json\/wp\/v2\/tags?post=51837"}],"curies":[{"name":"wp","href":"https:\/\/api.w.org\/{rel}","templated":true}]}}