{"id":51869,"date":"2023-08-01T18:23:17","date_gmt":"2023-08-01T21:23:17","guid":{"rendered":"https:\/\/pinews.com.br\/?p=51869"},"modified":"2023-08-01T18:23:19","modified_gmt":"2023-08-01T21:23:19","slug":"trator-avaliado-em-quase-meio-milhao-de-reais-da-prefeitura-de-bocaina-e-furtado-de-patio-policia-investiga-caso","status":"publish","type":"post","link":"https:\/\/pinews.com.br\/index.php\/2023\/08\/01\/trator-avaliado-em-quase-meio-milhao-de-reais-da-prefeitura-de-bocaina-e-furtado-de-patio-policia-investiga-caso\/","title":{"rendered":"Trator avaliado em quase meio milh\u00e3o de reais da Prefeitura de Bocaina \u00e9 furtado de p\u00e1tio; pol\u00edcia investiga caso"},"content":{"rendered":"\n<p>Uma m\u00e1quina motoniveladora da Prefeitura de\u00a0Bocaina, a 327 km ao Sul de Teresina, foi furtada na madrugada desta ter\u00e7a-feira (1\u00ba). O caso foi registrado na Pol\u00edcia Civil do Piau\u00ed.<\/p>\n\n\n\n<p>A m\u00e1quina, que \u00e9 uma esp\u00e9cie de trator, est\u00e1 avaliada em quase meio milh\u00e3o de reais e pesa 16 toneladas.<\/p>\n\n\n\n<p>Ao\u00a0g1, o prefeito do munic\u00edpio, Erivelto de S\u00e1 Barros, relatou que a m\u00e1quina estava estacionada no p\u00e1tio de um posto de combust\u00edvel na entrada de Bocaina.\u00a0Ainda n\u00e3o h\u00e1 informa\u00e7\u00f5es sobre como ocorreu o furto ou sobre a autoria do crime.<\/p>\n\n\n\n<p>A m\u00e1quina estava sendo utilizada todos os dias para as obras em estradas no munic\u00edpio.<\/p>\n\n\n\n<p>Segundo o prefeito, a Pol\u00edcia Federal tamb\u00e9m ser\u00e1 acionada, pois a m\u00e1quina foi comprada por meio de emenda federal.<\/p>\n\n\n\n<p><strong>Fonte: G1 PI <\/strong><\/p>\n","protected":false},"excerpt":{"rendered":"<p>Uma m\u00e1quina motoniveladora da Prefeitura de\u00a0Bocaina, a 327 km ao Sul de Teresina, foi furtada na madrugada desta ter\u00e7a-feira (1\u00ba). O caso foi registrado na Pol\u00edcia Civil do Piau\u00ed. A m\u00e1quina, que \u00e9 uma esp\u00e9cie de trator, est\u00e1 avaliada em quase meio milh\u00e3o de reais e pesa 16 toneladas. Ao\u00a0g1, o prefeito do munic\u00edpio, Erivelto [&hellip;]<\/p>\n","protected":false},"author":4,"featured_media":51870,"comment_status":"open","ping_status":"open","sticky":false,"template":"","format":"standard","meta":{"beyondwords_generate_audio":"","beyondwords_project_id":"","beyondwords_podcast_id":"","beyondwords_hash":"","beyondwords_error_message":"","beyondwords_disabled":"","publish_post_to_speechkit":"","speechkit_generate_audio":"","speechkit_project_id":"","speechkit_podcast_id":"","speechkit_hash":"","speechkit_error_message":"","speechkit_disabled":"","speechkit_access_key":"","speechkit_error":"","speechkit_info":"","speechkit_response":"","speechkit_retries":"","_speechkit_link":"","_speechkit_text":""},"categories":[51,78],"tags":[5782,745,1124,122,44,72,46,168,821,5368,77,844,466,917,323,5705,1239],"jetpack_featured_media_url":"https:\/\/pinews.com.br\/wp-content\/uploads\/2023\/08\/whatsapp-image-2023-08-01-at-17.28.31.jpeg","_links":{"self":[{"href":"https:\/\/pinews.com.br\/index.php\/wp-json\/wp\/v2\/posts\/51869"}],"collection":[{"href":"https:\/\/pinews.com.br\/index.php\/wp-json\/wp\/v2\/posts"}],"about":[{"href":"https:\/\/pinews.com.br\/index.php\/wp-json\/wp\/v2\/types\/post"}],"author":[{"embeddable":true,"href":"https:\/\/pinews.com.br\/index.php\/wp-json\/wp\/v2\/users\/4"}],"replies":[{"embeddable":true,"href":"https:\/\/pinews.com.br\/index.php\/wp-json\/wp\/v2\/comments?post=51869"}],"version-history":[{"count":1,"href":"https:\/\/pinews.com.br\/index.php\/wp-json\/wp\/v2\/posts\/51869\/revisions"}],"predecessor-version":[{"id":51871,"href":"https:\/\/pinews.com.br\/index.php\/wp-json\/wp\/v2\/posts\/51869\/revisions\/51871"}],"wp:featuredmedia":[{"embeddable":true,"href":"https:\/\/pinews.com.br\/index.php\/wp-json\/wp\/v2\/media\/51870"}],"wp:attachment":[{"href":"https:\/\/pinews.com.br\/index.php\/wp-json\/wp\/v2\/media?parent=51869"}],"wp:term":[{"taxonomy":"category","embeddable":true,"href":"https:\/\/pinews.com.br\/index.php\/wp-json\/wp\/v2\/categories?post=51869"},{"taxonomy":"post_tag","embeddable":true,"href":"https:\/\/pinews.com.br\/index.php\/wp-json\/wp\/v2\/tags?post=51869"}],"curies":[{"name":"wp","href":"https:\/\/api.w.org\/{rel}","templated":true}]}}