{"id":51873,"date":"2023-08-01T21:03:47","date_gmt":"2023-08-02T00:03:47","guid":{"rendered":"https:\/\/pinews.com.br\/?p=51873"},"modified":"2023-08-01T21:03:49","modified_gmt":"2023-08-02T00:03:49","slug":"empresario-suspeito-de-revender-celulares-roubados-de-carga-no-piaui-paga-fianca-de-r-52-mil-mas-permanece-preso","status":"publish","type":"post","link":"https:\/\/pinews.com.br\/index.php\/2023\/08\/01\/empresario-suspeito-de-revender-celulares-roubados-de-carga-no-piaui-paga-fianca-de-r-52-mil-mas-permanece-preso\/","title":{"rendered":"Empres\u00e1rio suspeito de revender celulares roubados de carga no Piau\u00ed paga fian\u00e7a de R$ 52 mil, mas permanece preso"},"content":{"rendered":"\n<p>O empres\u00e1rio preso nesta ter\u00e7a-feira (1\u00ba)\u00a0suspeito de comprar uma carga de celulares roubados e revend\u00ea-los numa loja do Shopping da Cidade, no Centro de\u00a0Teresina, pagou fian\u00e7a de R$ 52 mil pelo crime de descaminho.\u00a0Contudo, ele permanece preso preventivamente por recepta\u00e7\u00e3o qualificada.<\/p>\n\n\n\n<blockquote class=\"wp-block-quote\">\n<p>\u201cEle foi enviado \u00e0 Central de Flagrantes, nesta quarta-feira deve passar por audi\u00eancia de cust\u00f3dia e, posteriormente, deve ser encaminhado para alguma penitenci\u00e1ria em Teresina\u201d, informou o delegado Matheus Zanatta, superintendente de Opera\u00e7\u00f5es Integradas da Secretaria de Seguran\u00e7a P\u00fablica do Piau\u00ed (SSP-PI).<\/p>\n<\/blockquote>\n\n\n\n<p>Segundo a Pol\u00edcia Civil, em 16 de janeiro de 2023, um ve\u00edculo de transporte que levava uma carga de celulares foi roubado em um assalto na Zona Sudeste da capital. Os policiais investigavam a venda dos celulares que estavam nesse ve\u00edculo roubado. Um desses aparelhos foi localizado com uma mulher, que contou que o comprou no Shopping da Cidade.<\/p>\n\n\n\n<p>Nesta ter\u00e7a-feira (1\u00ba), os policiais fizeram buscas na loja, no Centro de Teresina, e na casa do empres\u00e1rio, que fica em Timon, no Maranh\u00e3o.<\/p>\n\n\n\n<figure class=\"wp-block-image\"><img decoding=\"async\" src=\"https:\/\/s2-g1.glbimg.com\/7UEcZ8AXsj8Xe6_uZ5dne-QIhfg=\/0x0:1280x960\/984x0\/smart\/filters:strip_icc()\/i.s3.glbimg.com\/v1\/AUTH_59edd422c0c84a879bd37670ae4f538a\/internal_photos\/bs\/2023\/m\/L\/ARXoLOR4maWyKsGyiHag\/whatsapp-image-2023-08-01-at-11.19.49-1-.jpeg\" alt=\"Empres\u00e1rio \u00e9 preso suspeito de revender celulares de carga de aparelhos roubados, no Centro de Teresina \u2014 Foto: Pol\u00edcia Civil\"\/><figcaption class=\"wp-element-caption\">Empres\u00e1rio \u00e9 preso suspeito de revender celulares de carga de aparelhos roubados, no Centro de Teresina \u2014 Foto: Pol\u00edcia Civil<\/figcaption><\/figure>\n\n\n\n<p>O empres\u00e1rio j\u00e1 havia sido preso em abril deste ano, durante a opera\u00e7\u00e3o Descaminhos II, no Shopping da Cidade. Na ocasi\u00e3o, 9 pessoas foram presas e 12 estabelecimentos foram interditados, e mais de 400 celulares e aparelhos eletr\u00f4nicos, armas de fogo, muni\u00e7\u00f5es e dinheiro foram apreendidos.<\/p>\n\n\n\n<p><strong>Fonte: G1 PI <\/strong><\/p>\n","protected":false},"excerpt":{"rendered":"<p>O empres\u00e1rio preso nesta ter\u00e7a-feira (1\u00ba)\u00a0suspeito de comprar uma carga de celulares roubados e revend\u00ea-los numa loja do Shopping da Cidade, no Centro de\u00a0Teresina, pagou fian\u00e7a de R$ 52 mil pelo crime de descaminho.\u00a0Contudo, ele permanece preso preventivamente por recepta\u00e7\u00e3o qualificada. \u201cEle foi enviado \u00e0 Central de Flagrantes, nesta quarta-feira deve passar por audi\u00eancia de [&hellip;]<\/p>\n","protected":false},"author":1,"featured_media":51874,"comment_status":"open","ping_status":"open","sticky":false,"template":"","format":"standard","meta":{"beyondwords_generate_audio":"","beyondwords_project_id":"","beyondwords_podcast_id":"","beyondwords_hash":"","beyondwords_error_message":"","beyondwords_disabled":"","publish_post_to_speechkit":"","speechkit_generate_audio":"","speechkit_project_id":"","speechkit_podcast_id":"","speechkit_hash":"","speechkit_error_message":"","speechkit_disabled":"","speechkit_access_key":"","speechkit_error":"","speechkit_info":"","speechkit_response":"","speechkit_retries":"","_speechkit_link":"","_speechkit_text":""},"categories":[51,78,81],"tags":[9219,100,658,44,152,6135,5555,109,1692,11702,52,79,7148,5900,130],"jetpack_featured_media_url":"https:\/\/pinews.com.br\/wp-content\/uploads\/2023\/08\/whatsapp-image-2023-08-01-at-11.19.51.jpeg","_links":{"self":[{"href":"https:\/\/pinews.com.br\/index.php\/wp-json\/wp\/v2\/posts\/51873"}],"collection":[{"href":"https:\/\/pinews.com.br\/index.php\/wp-json\/wp\/v2\/posts"}],"about":[{"href":"https:\/\/pinews.com.br\/index.php\/wp-json\/wp\/v2\/types\/post"}],"author":[{"embeddable":true,"href":"https:\/\/pinews.com.br\/index.php\/wp-json\/wp\/v2\/users\/1"}],"replies":[{"embeddable":true,"href":"https:\/\/pinews.com.br\/index.php\/wp-json\/wp\/v2\/comments?post=51873"}],"version-history":[{"count":1,"href":"https:\/\/pinews.com.br\/index.php\/wp-json\/wp\/v2\/posts\/51873\/revisions"}],"predecessor-version":[{"id":51875,"href":"https:\/\/pinews.com.br\/index.php\/wp-json\/wp\/v2\/posts\/51873\/revisions\/51875"}],"wp:featuredmedia":[{"embeddable":true,"href":"https:\/\/pinews.com.br\/index.php\/wp-json\/wp\/v2\/media\/51874"}],"wp:attachment":[{"href":"https:\/\/pinews.com.br\/index.php\/wp-json\/wp\/v2\/media?parent=51873"}],"wp:term":[{"taxonomy":"category","embeddable":true,"href":"https:\/\/pinews.com.br\/index.php\/wp-json\/wp\/v2\/categories?post=51873"},{"taxonomy":"post_tag","embeddable":true,"href":"https:\/\/pinews.com.br\/index.php\/wp-json\/wp\/v2\/tags?post=51873"}],"curies":[{"name":"wp","href":"https:\/\/api.w.org\/{rel}","templated":true}]}}