{"id":51916,"date":"2023-08-03T18:18:34","date_gmt":"2023-08-03T21:18:34","guid":{"rendered":"https:\/\/pinews.com.br\/?p=51916"},"modified":"2023-08-03T18:18:37","modified_gmt":"2023-08-03T21:18:37","slug":"pai-e-preso-suspeito-de-estuprar-as-duas-filhas-no-sul-do-piaui","status":"publish","type":"post","link":"https:\/\/pinews.com.br\/index.php\/2023\/08\/03\/pai-e-preso-suspeito-de-estuprar-as-duas-filhas-no-sul-do-piaui\/","title":{"rendered":"Pai \u00e9 preso suspeito de estuprar as duas filhas no Sul do Piau\u00ed"},"content":{"rendered":"\n<p>Um homem de 43 anos, identificado pelas iniciais E. da S. P., foi preso suspeito de cometer o crime de estupro de vulner\u00e1vel contra suas pr\u00f3prias filhas menores de idade na quarta-feira (2) em\u00a0Floriano, a 244 km de\u00a0Teresina.<\/p>\n\n\n\n<p>Ele foi preso sob mandado de pris\u00e3o preventiva. A Pol\u00edcia Civil informou que as v\u00edtima, filhas do suspeito, s\u00e3o menores de idade. O caso segue em segredo de Justi\u00e7a.<\/p>\n\n\n\n<p>A pris\u00e3o foi realizada pela Delegacia de\u00a0Floriano\u00a0e o investigado se encontra \u00e0 disposi\u00e7\u00e3o da Justi\u00e7a e ser\u00e1 submetido \u00e0 audi\u00eancia de cust\u00f3dia.<\/p>\n\n\n\n<p><strong>Fonte: G1 PI <\/strong><\/p>\n","protected":false},"excerpt":{"rendered":"<p>Um homem de 43 anos, identificado pelas iniciais E. da S. P., foi preso suspeito de cometer o crime de estupro de vulner\u00e1vel contra suas pr\u00f3prias filhas menores de idade na quarta-feira (2) em\u00a0Floriano, a 244 km de\u00a0Teresina. Ele foi preso sob mandado de pris\u00e3o preventiva. A Pol\u00edcia Civil informou que as v\u00edtima, filhas do [&hellip;]<\/p>\n","protected":false},"author":4,"featured_media":51917,"comment_status":"open","ping_status":"open","sticky":false,"template":"","format":"standard","meta":{"beyondwords_generate_audio":"","beyondwords_project_id":"","beyondwords_podcast_id":"","beyondwords_hash":"","beyondwords_error_message":"","beyondwords_disabled":"","publish_post_to_speechkit":"","speechkit_generate_audio":"","speechkit_project_id":"","speechkit_podcast_id":"","speechkit_hash":"","speechkit_error_message":"","speechkit_disabled":"","speechkit_access_key":"","speechkit_error":"","speechkit_info":"","speechkit_response":"","speechkit_retries":"","_speechkit_link":"","_speechkit_text":""},"categories":[51,78],"tags":[44,260,72,348,1618,290,52,79,120,130],"jetpack_featured_media_url":"https:\/\/pinews.com.br\/wp-content\/uploads\/2023\/08\/delegacia-floriano-policia-civil-foto-andre-nascimento-g1-pi-4-.jpeg","_links":{"self":[{"href":"https:\/\/pinews.com.br\/index.php\/wp-json\/wp\/v2\/posts\/51916"}],"collection":[{"href":"https:\/\/pinews.com.br\/index.php\/wp-json\/wp\/v2\/posts"}],"about":[{"href":"https:\/\/pinews.com.br\/index.php\/wp-json\/wp\/v2\/types\/post"}],"author":[{"embeddable":true,"href":"https:\/\/pinews.com.br\/index.php\/wp-json\/wp\/v2\/users\/4"}],"replies":[{"embeddable":true,"href":"https:\/\/pinews.com.br\/index.php\/wp-json\/wp\/v2\/comments?post=51916"}],"version-history":[{"count":1,"href":"https:\/\/pinews.com.br\/index.php\/wp-json\/wp\/v2\/posts\/51916\/revisions"}],"predecessor-version":[{"id":51918,"href":"https:\/\/pinews.com.br\/index.php\/wp-json\/wp\/v2\/posts\/51916\/revisions\/51918"}],"wp:featuredmedia":[{"embeddable":true,"href":"https:\/\/pinews.com.br\/index.php\/wp-json\/wp\/v2\/media\/51917"}],"wp:attachment":[{"href":"https:\/\/pinews.com.br\/index.php\/wp-json\/wp\/v2\/media?parent=51916"}],"wp:term":[{"taxonomy":"category","embeddable":true,"href":"https:\/\/pinews.com.br\/index.php\/wp-json\/wp\/v2\/categories?post=51916"},{"taxonomy":"post_tag","embeddable":true,"href":"https:\/\/pinews.com.br\/index.php\/wp-json\/wp\/v2\/tags?post=51916"}],"curies":[{"name":"wp","href":"https:\/\/api.w.org\/{rel}","templated":true}]}}