{"id":51952,"date":"2023-08-04T18:25:34","date_gmt":"2023-08-04T21:25:34","guid":{"rendered":"https:\/\/pinews.com.br\/?p=51952"},"modified":"2023-08-04T18:25:38","modified_gmt":"2023-08-04T21:25:38","slug":"criminosos-invadem-casa-matam-jovem-e-ferem-seu-irmao-no-piaui","status":"publish","type":"post","link":"https:\/\/pinews.com.br\/index.php\/2023\/08\/04\/criminosos-invadem-casa-matam-jovem-e-ferem-seu-irmao-no-piaui\/","title":{"rendered":"Criminosos invadem casa, matam jovem e ferem seu irm\u00e3o no Piau\u00ed"},"content":{"rendered":"\n<p>Um jovem identificado como Leandro Alves dos Santos, de 20 anos, foi alvejado e morto por crimininosos, dentro da pr\u00f3pria resid\u00eancia onde morava com a fam\u00edlia. O crime aconteceu no final da tarde desta sexta-feira (04), na cidade de Pedro II, no Norte do Piau\u00ed. Durante a a\u00e7\u00e3o dos criminosos, outro homem identificado Fabiano Alves dos Santos, de 25 anos, foi baleado mas escapou.<\/p>\n\n\n\n<p>Segundo informa\u00e7\u00f5es do\u00a0tenente Dos Santos da PM-PI, os criminosos chegaram em uma motocicleta, invadiram a casa e efetuaram os disparos:<em>\u00a0&#8220;Eles entraram na casa e atiraram contra os dois, Um dos tiros atingiu a testa do Leandro, o Fabiano que inclusive j\u00e1 foi preso foi atingido no p\u00e9 e foi socorrido&#8221;, destacou.<\/em><\/p>\n\n\n\n<p>A Pol\u00edcia Militar foi acionada e isolou o local e o Instituto de Medicina Legal (IML) tamb\u00e9m foi acionado para fazer a remo\u00e7\u00e3o do corpo. O homem baleado foi socorrido pela equipe do Servi\u00e7o de Assist\u00eancia M\u00e9dica de Urg\u00eancia (SAMU) e encaminhado ao Hospital Josefina Getirana Netta.<\/p>\n\n\n\n<p><strong>Fonte: Meio Norte <\/strong><\/p>\n","protected":false},"excerpt":{"rendered":"<p>Um jovem identificado como Leandro Alves dos Santos, de 20 anos, foi alvejado e morto por crimininosos, dentro da pr\u00f3pria resid\u00eancia onde morava com a fam\u00edlia. O crime aconteceu no final da tarde desta sexta-feira (04), na cidade de Pedro II, no Norte do Piau\u00ed. Durante a a\u00e7\u00e3o dos criminosos, outro homem identificado Fabiano Alves [&hellip;]<\/p>\n","protected":false},"author":4,"featured_media":51953,"comment_status":"open","ping_status":"open","sticky":false,"template":"","format":"standard","meta":{"beyondwords_generate_audio":"","beyondwords_project_id":"","beyondwords_podcast_id":"","beyondwords_hash":"","beyondwords_error_message":"","beyondwords_disabled":"","publish_post_to_speechkit":"","speechkit_generate_audio":"","speechkit_project_id":"","speechkit_podcast_id":"","speechkit_hash":"","speechkit_error_message":"","speechkit_disabled":"","speechkit_access_key":"","speechkit_error":"","speechkit_info":"","speechkit_response":"","speechkit_retries":"","_speechkit_link":"","_speechkit_text":""},"categories":[51,78],"tags":[149,243,10995,487,1265,266,488,52,1036],"jetpack_featured_media_url":"https:\/\/pinews.com.br\/wp-content\/uploads\/2023\/08\/criminosos-invadem-casa-matam-jovem-e-ferem-irmao-em-pedro-ii-ff6c7075-79e5-43c4-a36e-2103d445dd97.webp","_links":{"self":[{"href":"https:\/\/pinews.com.br\/index.php\/wp-json\/wp\/v2\/posts\/51952"}],"collection":[{"href":"https:\/\/pinews.com.br\/index.php\/wp-json\/wp\/v2\/posts"}],"about":[{"href":"https:\/\/pinews.com.br\/index.php\/wp-json\/wp\/v2\/types\/post"}],"author":[{"embeddable":true,"href":"https:\/\/pinews.com.br\/index.php\/wp-json\/wp\/v2\/users\/4"}],"replies":[{"embeddable":true,"href":"https:\/\/pinews.com.br\/index.php\/wp-json\/wp\/v2\/comments?post=51952"}],"version-history":[{"count":1,"href":"https:\/\/pinews.com.br\/index.php\/wp-json\/wp\/v2\/posts\/51952\/revisions"}],"predecessor-version":[{"id":51954,"href":"https:\/\/pinews.com.br\/index.php\/wp-json\/wp\/v2\/posts\/51952\/revisions\/51954"}],"wp:featuredmedia":[{"embeddable":true,"href":"https:\/\/pinews.com.br\/index.php\/wp-json\/wp\/v2\/media\/51953"}],"wp:attachment":[{"href":"https:\/\/pinews.com.br\/index.php\/wp-json\/wp\/v2\/media?parent=51952"}],"wp:term":[{"taxonomy":"category","embeddable":true,"href":"https:\/\/pinews.com.br\/index.php\/wp-json\/wp\/v2\/categories?post=51952"},{"taxonomy":"post_tag","embeddable":true,"href":"https:\/\/pinews.com.br\/index.php\/wp-json\/wp\/v2\/tags?post=51952"}],"curies":[{"name":"wp","href":"https:\/\/api.w.org\/{rel}","templated":true}]}}