{"id":52094,"date":"2023-08-09T20:58:49","date_gmt":"2023-08-09T23:58:49","guid":{"rendered":"https:\/\/pinews.com.br\/?p=52094"},"modified":"2023-08-09T20:58:51","modified_gmt":"2023-08-09T23:58:51","slug":"policia-prende-suspeito-de-esfaquear-caminhoneiro-dormindo-em-posto-fiscal-no-piaui-para-roubar-celular","status":"publish","type":"post","link":"https:\/\/pinews.com.br\/index.php\/2023\/08\/09\/policia-prende-suspeito-de-esfaquear-caminhoneiro-dormindo-em-posto-fiscal-no-piaui-para-roubar-celular\/","title":{"rendered":"Pol\u00edcia prende suspeito de esfaquear caminhoneiro dormindo em posto fiscal no Piau\u00ed para roubar celular"},"content":{"rendered":"\n<p>A Pol\u00edcia Civil do Piau\u00ed prendeu nesta quarta-feira (9) um homem identificado pelas iniciais F.B.S., de 39 anos, suspeito de tentativa de latroc\u00ednio contra um caminhoneiro no Posto Fiscal da Tabuleta, Zona Sul de\u00a0Teresina. O crime aconteceu em junho deste ano.<\/p>\n\n\n\n<p>\u201cNo in\u00edcio da investiga\u00e7\u00e3o, n\u00f3s conseguimos recuperar o aparelho celular da v\u00edtima e prendemos o receptador tamb\u00e9m e, agora, o suspeito de latroc\u00ednio foi preso\u2019\u2019, afirmou o delegado Leonardo Alexandre, do 4\u00ba Distrito Policial.<\/p>\n\n\n\n<p>Na \u00e9poca do crime, o suspeito surpreendeu o caminhoneiro enquanto ele estava dormindo no ba\u00fa de um caminh\u00e3o estacionado e atingiu a v\u00edtima com um golpe de faca na regi\u00e3o do abd\u00f4men, tendo tamb\u00e9m seu aparelho celular roubado.<\/p>\n\n\n\n<p>Conforme o delegado, o suspeito foi preso por meio de mandado de pris\u00e3o preventiva em sua resid\u00eancia no bairro Santa Luzia, Zona Sul da capital.<\/p>\n\n\n\n<p><strong>Fonte: G1 PI <\/strong><\/p>\n","protected":false},"excerpt":{"rendered":"<p>A Pol\u00edcia Civil do Piau\u00ed prendeu nesta quarta-feira (9) um homem identificado pelas iniciais F.B.S., de 39 anos, suspeito de tentativa de latroc\u00ednio contra um caminhoneiro no Posto Fiscal da Tabuleta, Zona Sul de\u00a0Teresina. O crime aconteceu em junho deste ano. \u201cNo in\u00edcio da investiga\u00e7\u00e3o, n\u00f3s conseguimos recuperar o aparelho celular da v\u00edtima e prendemos [&hellip;]<\/p>\n","protected":false},"author":1,"featured_media":52095,"comment_status":"open","ping_status":"open","sticky":false,"template":"","format":"standard","meta":{"beyondwords_generate_audio":"","beyondwords_project_id":"","beyondwords_podcast_id":"","beyondwords_hash":"","beyondwords_error_message":"","beyondwords_disabled":"","publish_post_to_speechkit":"","speechkit_generate_audio":"","speechkit_project_id":"","speechkit_podcast_id":"","speechkit_hash":"","speechkit_error_message":"","speechkit_disabled":"","speechkit_access_key":"","speechkit_error":"","speechkit_info":"","speechkit_response":"","speechkit_retries":"","_speechkit_link":"","_speechkit_text":""},"categories":[51,78,81],"tags":[225,608,44,486,46,273,1591,350,52,466,1593,112,351,130],"jetpack_featured_media_url":"https:\/\/pinews.com.br\/wp-content\/uploads\/2023\/08\/prisao-6.jpg","_links":{"self":[{"href":"https:\/\/pinews.com.br\/index.php\/wp-json\/wp\/v2\/posts\/52094"}],"collection":[{"href":"https:\/\/pinews.com.br\/index.php\/wp-json\/wp\/v2\/posts"}],"about":[{"href":"https:\/\/pinews.com.br\/index.php\/wp-json\/wp\/v2\/types\/post"}],"author":[{"embeddable":true,"href":"https:\/\/pinews.com.br\/index.php\/wp-json\/wp\/v2\/users\/1"}],"replies":[{"embeddable":true,"href":"https:\/\/pinews.com.br\/index.php\/wp-json\/wp\/v2\/comments?post=52094"}],"version-history":[{"count":1,"href":"https:\/\/pinews.com.br\/index.php\/wp-json\/wp\/v2\/posts\/52094\/revisions"}],"predecessor-version":[{"id":52096,"href":"https:\/\/pinews.com.br\/index.php\/wp-json\/wp\/v2\/posts\/52094\/revisions\/52096"}],"wp:featuredmedia":[{"embeddable":true,"href":"https:\/\/pinews.com.br\/index.php\/wp-json\/wp\/v2\/media\/52095"}],"wp:attachment":[{"href":"https:\/\/pinews.com.br\/index.php\/wp-json\/wp\/v2\/media?parent=52094"}],"wp:term":[{"taxonomy":"category","embeddable":true,"href":"https:\/\/pinews.com.br\/index.php\/wp-json\/wp\/v2\/categories?post=52094"},{"taxonomy":"post_tag","embeddable":true,"href":"https:\/\/pinews.com.br\/index.php\/wp-json\/wp\/v2\/tags?post=52094"}],"curies":[{"name":"wp","href":"https:\/\/api.w.org\/{rel}","templated":true}]}}