{"id":52135,"date":"2023-08-11T11:33:37","date_gmt":"2023-08-11T14:33:37","guid":{"rendered":"https:\/\/pinews.com.br\/?p=52135"},"modified":"2023-08-11T11:33:39","modified_gmt":"2023-08-11T14:33:39","slug":"policia-militar-desarticula-ponto-de-trafico-no-piaui-e-efetua-prisao-de-suspeito","status":"publish","type":"post","link":"https:\/\/pinews.com.br\/index.php\/2023\/08\/11\/policia-militar-desarticula-ponto-de-trafico-no-piaui-e-efetua-prisao-de-suspeito\/","title":{"rendered":"Pol\u00edcia Militar desarticula ponto de tr\u00e1fico no Piau\u00ed e efetua pris\u00e3o de suspeito"},"content":{"rendered":"\n<p>Nesta quinta-feira (10\/08), as equipes da Pol\u00edcia Militar (PM) em conjunto com os policiais do Batalh\u00e3o de Rondas Ostensivas de Natureza Especial (Bprone) realizaram o fechamento de um ponto de tr\u00e1fico e consumo de subst\u00e2ncias il\u00edcitas. A a\u00e7\u00e3o ocorreu na rua Sete de Setembro, situada no Centro de Teresina, em proximidade \u00e0 pra\u00e7a Jo\u00e3o Luiz Ferreira. Durante a opera\u00e7\u00e3o, os agentes efetuaram a retirada de usu\u00e1rios que se encontravam no local.<\/p>\n\n\n\n<p>Segundo informa\u00e7\u00f5es do sargento Jackson, l\u00edder da unidade da ciclopatrulha encarregada da deten\u00e7\u00e3o, aproximadamente sete indiv\u00edduos foram interpelados e sujeitos a revista na regi\u00e3o.<\/p>\n\n\n\n<p>Tanto o indiv\u00edduo suspeito quanto todos os itens il\u00edcitos apreendidos foram encaminhados para a Central de Flagrantes de Teresina, a fim de seguir os procedimentos apropriados. Essa opera\u00e7\u00e3o recebeu o respaldo do 1\u00ba Batalh\u00e3o, contando tamb\u00e9m com a colabora\u00e7\u00e3o de uma equipe do Batalh\u00e3o de Policiamento de Choque (BPChoque).<\/p>\n\n\n\n<p><strong>Fonte: 180 graus <\/strong><\/p>\n","protected":false},"excerpt":{"rendered":"<p>Nesta quinta-feira (10\/08), as equipes da Pol\u00edcia Militar (PM) em conjunto com os policiais do Batalh\u00e3o de Rondas Ostensivas de Natureza Especial (Bprone) realizaram o fechamento de um ponto de tr\u00e1fico e consumo de subst\u00e2ncias il\u00edcitas. A a\u00e7\u00e3o ocorreu na rua Sete de Setembro, situada no Centro de Teresina, em proximidade \u00e0 pra\u00e7a Jo\u00e3o Luiz [&hellip;]<\/p>\n","protected":false},"author":4,"featured_media":52136,"comment_status":"open","ping_status":"open","sticky":false,"template":"","format":"standard","meta":{"beyondwords_generate_audio":"","beyondwords_project_id":"","beyondwords_podcast_id":"","beyondwords_hash":"","beyondwords_error_message":"","beyondwords_disabled":"","publish_post_to_speechkit":"","speechkit_generate_audio":"","speechkit_project_id":"","speechkit_podcast_id":"","speechkit_hash":"","speechkit_error_message":"","speechkit_disabled":"","speechkit_access_key":"","speechkit_error":"","speechkit_info":"","speechkit_response":"","speechkit_retries":"","_speechkit_link":"","_speechkit_text":""},"categories":[51,78,81],"tags":[44,6503,10141,1349,52,466,1090,670,130,195],"jetpack_featured_media_url":"https:\/\/pinews.com.br\/wp-content\/uploads\/2023\/08\/kkk-1-1691700671_-2327543077552735634.jpg","_links":{"self":[{"href":"https:\/\/pinews.com.br\/index.php\/wp-json\/wp\/v2\/posts\/52135"}],"collection":[{"href":"https:\/\/pinews.com.br\/index.php\/wp-json\/wp\/v2\/posts"}],"about":[{"href":"https:\/\/pinews.com.br\/index.php\/wp-json\/wp\/v2\/types\/post"}],"author":[{"embeddable":true,"href":"https:\/\/pinews.com.br\/index.php\/wp-json\/wp\/v2\/users\/4"}],"replies":[{"embeddable":true,"href":"https:\/\/pinews.com.br\/index.php\/wp-json\/wp\/v2\/comments?post=52135"}],"version-history":[{"count":1,"href":"https:\/\/pinews.com.br\/index.php\/wp-json\/wp\/v2\/posts\/52135\/revisions"}],"predecessor-version":[{"id":52137,"href":"https:\/\/pinews.com.br\/index.php\/wp-json\/wp\/v2\/posts\/52135\/revisions\/52137"}],"wp:featuredmedia":[{"embeddable":true,"href":"https:\/\/pinews.com.br\/index.php\/wp-json\/wp\/v2\/media\/52136"}],"wp:attachment":[{"href":"https:\/\/pinews.com.br\/index.php\/wp-json\/wp\/v2\/media?parent=52135"}],"wp:term":[{"taxonomy":"category","embeddable":true,"href":"https:\/\/pinews.com.br\/index.php\/wp-json\/wp\/v2\/categories?post=52135"},{"taxonomy":"post_tag","embeddable":true,"href":"https:\/\/pinews.com.br\/index.php\/wp-json\/wp\/v2\/tags?post=52135"}],"curies":[{"name":"wp","href":"https:\/\/api.w.org\/{rel}","templated":true}]}}