{"id":52182,"date":"2023-08-14T16:12:59","date_gmt":"2023-08-14T19:12:59","guid":{"rendered":"https:\/\/pinews.com.br\/?p=52182"},"modified":"2023-08-14T16:14:30","modified_gmt":"2023-08-14T19:14:30","slug":"limpa-no-bolsa-familia-governo-suspende-pagamento-de-cerca-de-3-mil-beneficiarios-no-piaui","status":"publish","type":"post","link":"https:\/\/pinews.com.br\/index.php\/2023\/08\/14\/limpa-no-bolsa-familia-governo-suspende-pagamento-de-cerca-de-3-mil-beneficiarios-no-piaui\/","title":{"rendered":"Limpa no Bolsa Fam\u00edlia: Governo suspende pagamento de cerca de 3 mil benefici\u00e1rios no Piau\u00ed"},"content":{"rendered":"\n<p>O Governo Federal est\u00e1 fazendo uma limpa nos cadastros irregulares do&nbsp;Bolsa Fam\u00edlia. At\u00e9 julho, foram cortados 934 mil benefici\u00e1rios por irregularidades no cadastro. No Piau\u00ed, ap\u00f3s a atualiza\u00e7\u00e3o cadastral, cerca de 3 mil pessoas foram desligadas do programa.<\/p>\n\n\n\n<p>O estado possui atualmente 622 mil fam\u00edlias contempladas pelo programa do Minist\u00e9rio do Desenvolvimento e Assist\u00eancia Social, Fam\u00edlia e Combate \u00e0 Fome (MDS), antes eram 625.195 fam\u00edlias.<\/p>\n\n\n\n<p>O Bolsa Fam\u00edlia \u00e9 o maior programa de transfer\u00eancia de renda e combate \u00e0 pobreza e \u00e0 fome do Brasil&nbsp;e no in\u00edcio do governo Lula foi reeditado para oferecer mais prote\u00e7\u00e3o social \u00e0s fam\u00edlias em situa\u00e7\u00e3o de vulnerabilidade. Para fazer parte do programa, a principal regra \u00e9 que a fam\u00edlia tenha renda mensal de at\u00e9 R$ 218,00 por pessoa.<\/p>\n\n\n\n<p>Com os cortes, mais fam\u00edlias em situa\u00e7\u00e3o de vulnerabilidade social conseguem se inscrever no programa assistencial, que teve uma grande ades\u00e3o no Governo Bolsonaro, quando mudou para Aux\u00edlio Brasil e o benefici\u00e1rios autodeclarados como unipessoais, ou seja, registrados de forma individual e por CPF, chegaram a 5,5 milh\u00f5es de pessoas. Esses cadastros individuais geralmente s\u00e3o irregulares, conforme o governo, e foram cortados do benef\u00edcio.<\/p>\n\n\n\n<h2>Como cadastrar<\/h2>\n\n\n\n<p>A fam\u00edlia eleg\u00edvel precisa estar inscrita no Cadastro \u00danico para Programas Sociais do Governo Federal (Cad\u00danico), com os dados corretos e atualizados, al\u00e9m de atender ao crit\u00e9rio da renda de at\u00e9 R$ 218 por pessoa. A inscri\u00e7\u00e3o pode ser feita em um posto de cadastramento ou atendimento da assist\u00eancia social no munic\u00edpio.<\/p>\n\n\n\n<h2>Para continuar recebendo<\/h2>\n\n\n\n<p>Os dados cadastrais devem ser atualizados at\u00e9 o prazo m\u00e1ximo de 24 meses. Qualquer altera\u00e7\u00e3o de endere\u00e7o, do telefone de contato e da composi\u00e7\u00e3o da fam\u00edlia, como o nascimento de uma crian\u00e7a, falecimento, casamento e ado\u00e7\u00e3o, deve ser informada ao setor respons\u00e1vel pelo cadastramento no munic\u00edpio, para que o benef\u00edcio atenda plenamente as fam\u00edlias.<\/p>\n\n\n\n<p>CRIT\u00c9RIOS<\/p>\n\n\n\n<p>As fam\u00edlias devem cumprir alguns crit\u00e9rios nas \u00e1reas de sa\u00fade e de educa\u00e7\u00e3o, que s\u00e3o chamados pelo governo de condicionalidades. O Bolsa Fam\u00edlia exige frequ\u00eancia escolar para crian\u00e7as e adolescentes entre 4 e 17 anos das fam\u00edlias benefici\u00e1rias, o acompanhamento pr\u00e9-natal para gestantes, o acompanhamento nutricional das crian\u00e7as at\u00e9 6 anos e a manuten\u00e7\u00e3o do caderno de vacina\u00e7\u00e3o atualizado, com os imunizantes previstos no Programa Nacional de Imuniza\u00e7\u00f5es do Minist\u00e9rio da Sa\u00fade.<\/p>\n\n\n\n<p><strong>Fonte: G1 PI <\/strong><\/p>\n","protected":false},"excerpt":{"rendered":"<p>O Governo Federal est\u00e1 fazendo uma limpa nos cadastros irregulares do&nbsp;Bolsa Fam\u00edlia. At\u00e9 julho, foram cortados 934 mil benefici\u00e1rios por irregularidades no cadastro. No Piau\u00ed, ap\u00f3s a atualiza\u00e7\u00e3o cadastral, cerca de 3 mil pessoas foram desligadas do programa. O estado possui atualmente 622 mil fam\u00edlias contempladas pelo programa do Minist\u00e9rio do Desenvolvimento e Assist\u00eancia Social, [&hellip;]<\/p>\n","protected":false},"author":1,"featured_media":52183,"comment_status":"open","ping_status":"open","sticky":false,"template":"","format":"standard","meta":{"beyondwords_generate_audio":"","beyondwords_project_id":"","beyondwords_podcast_id":"","beyondwords_hash":"","beyondwords_error_message":"","beyondwords_disabled":"","publish_post_to_speechkit":"","speechkit_generate_audio":"","speechkit_project_id":"","speechkit_podcast_id":"","speechkit_hash":"","speechkit_error_message":"","speechkit_disabled":"","speechkit_access_key":"","speechkit_error":"","speechkit_info":"","speechkit_response":"","speechkit_retries":"","_speechkit_link":"","_speechkit_text":""},"categories":[51],"tags":[833,343,210,44,244,458,8147,109,1959,52,5866],"jetpack_featured_media_url":"https:\/\/pinews.com.br\/wp-content\/uploads\/2023\/08\/novo-cartao-bolsa-familia-1.jpg","_links":{"self":[{"href":"https:\/\/pinews.com.br\/index.php\/wp-json\/wp\/v2\/posts\/52182"}],"collection":[{"href":"https:\/\/pinews.com.br\/index.php\/wp-json\/wp\/v2\/posts"}],"about":[{"href":"https:\/\/pinews.com.br\/index.php\/wp-json\/wp\/v2\/types\/post"}],"author":[{"embeddable":true,"href":"https:\/\/pinews.com.br\/index.php\/wp-json\/wp\/v2\/users\/1"}],"replies":[{"embeddable":true,"href":"https:\/\/pinews.com.br\/index.php\/wp-json\/wp\/v2\/comments?post=52182"}],"version-history":[{"count":2,"href":"https:\/\/pinews.com.br\/index.php\/wp-json\/wp\/v2\/posts\/52182\/revisions"}],"predecessor-version":[{"id":52185,"href":"https:\/\/pinews.com.br\/index.php\/wp-json\/wp\/v2\/posts\/52182\/revisions\/52185"}],"wp:featuredmedia":[{"embeddable":true,"href":"https:\/\/pinews.com.br\/index.php\/wp-json\/wp\/v2\/media\/52183"}],"wp:attachment":[{"href":"https:\/\/pinews.com.br\/index.php\/wp-json\/wp\/v2\/media?parent=52182"}],"wp:term":[{"taxonomy":"category","embeddable":true,"href":"https:\/\/pinews.com.br\/index.php\/wp-json\/wp\/v2\/categories?post=52182"},{"taxonomy":"post_tag","embeddable":true,"href":"https:\/\/pinews.com.br\/index.php\/wp-json\/wp\/v2\/tags?post=52182"}],"curies":[{"name":"wp","href":"https:\/\/api.w.org\/{rel}","templated":true}]}}