{"id":52195,"date":"2023-08-14T20:22:23","date_gmt":"2023-08-14T23:22:23","guid":{"rendered":"https:\/\/pinews.com.br\/?p=52195"},"modified":"2023-08-14T20:22:26","modified_gmt":"2023-08-14T23:22:26","slug":"adolescente-confessa-ter-matado-padrasto-apos-presenciar-agressao-a-mae-no-piaui","status":"publish","type":"post","link":"https:\/\/pinews.com.br\/index.php\/2023\/08\/14\/adolescente-confessa-ter-matado-padrasto-apos-presenciar-agressao-a-mae-no-piaui\/","title":{"rendered":"Adolescente confessa ter matado padrasto ap\u00f3s presenciar agress\u00e3o \u00e0 m\u00e3e no Piau\u00ed"},"content":{"rendered":"\n<p>Um adolescente de 14 anos confessou ter matado o padrasto a tiros na semana passada. Em depoimento nesta segunda-feira (14) na sede do Departamento de Homic\u00eddios e Prote\u00e7\u00e3o \u00e0 Pessoa (DHPP), o jovem confirmou a autoria do crime alegando que a m\u00e3e era v\u00edtima de viol\u00eancia dom\u00e9stica.&nbsp;<\/p>\n\n\n\n<p>O crime aconteceu na \u00faltima quinta-feira (10) na resid\u00eancia da fam\u00edlia, localizada no Parque Universit\u00e1rio, zona Leste de Teresina. Segundo relato de testemunhas, dois homens teriam invadido a casa e efetuado disparos contra a v\u00edtima, identificada como Rodrigo Oliveira, 25 anos.<\/p>\n\n\n\n<p>&#8220;Colhemos a oitiva desse adolescente sobre o homic\u00eddio do Rodrigo, que ocorreu na semana passada. Estamos checando as informa\u00e7\u00f5es para ver se realmente confirma isso que ele est\u00e1 falando. Temos toda essa cautela para elucidarmos cabalmente esse caso&#8221;, explicou o delegado Divanilson Sena.<\/p>\n\n\n\n<p>O adolescente foi liberado ap\u00f3s o depoimento. Ele estava acompanhado da m\u00e3e, que tamb\u00e9m foi ouvida pela pol\u00edcia e confirmou que era v\u00edtima de viol\u00eancia. &#8220;Ela disse que eram empurr\u00f5es e chutes. Les\u00f5es vis\u00edveis a gente n\u00e3o encontrou. Segundo informa\u00e7\u00f5es, em outras situa\u00e7\u00f5es ela foi bastante agredida, mas vamos ter que escutar outras testemunhas para confirmar essa vers\u00e3o do adolescente&#8221;, ressaltou o delegado.&nbsp;<\/p>\n\n\n\n<p>O DHPP segue investigando o caso e n\u00e3o descarta a realiza\u00e7\u00e3o de novas dilig\u00eancias e a apreens\u00e3o do adolescente.<\/p>\n\n\n\n<p><strong>Fonte: Breno Moreno e Tiago Melo\/ Cidade Verde<\/strong> <\/p>\n","protected":false},"excerpt":{"rendered":"<p>Um adolescente de 14 anos confessou ter matado o padrasto a tiros na semana passada. Em depoimento nesta segunda-feira (14) na sede do Departamento de Homic\u00eddios e Prote\u00e7\u00e3o \u00e0 Pessoa (DHPP), o jovem confirmou a autoria do crime alegando que a m\u00e3e era v\u00edtima de viol\u00eancia dom\u00e9stica.&nbsp; O crime aconteceu na \u00faltima quinta-feira (10) na [&hellip;]<\/p>\n","protected":false},"author":4,"featured_media":52196,"comment_status":"open","ping_status":"open","sticky":false,"template":"","format":"standard","meta":{"beyondwords_generate_audio":"","beyondwords_project_id":"","beyondwords_podcast_id":"","beyondwords_hash":"","beyondwords_error_message":"","beyondwords_disabled":"","publish_post_to_speechkit":"","speechkit_generate_audio":"","speechkit_project_id":"","speechkit_podcast_id":"","speechkit_hash":"","speechkit_error_message":"","speechkit_disabled":"","speechkit_access_key":"","speechkit_error":"","speechkit_info":"","speechkit_response":"","speechkit_retries":"","_speechkit_link":"","_speechkit_text":""},"categories":[51,78,81],"tags":[794,177,501,70,1438,117,6290,1588,52,8854,521],"jetpack_featured_media_url":"https:\/\/pinews.com.br\/wp-content\/uploads\/2023\/08\/images-2023-08-14T202048.110.jpeg","_links":{"self":[{"href":"https:\/\/pinews.com.br\/index.php\/wp-json\/wp\/v2\/posts\/52195"}],"collection":[{"href":"https:\/\/pinews.com.br\/index.php\/wp-json\/wp\/v2\/posts"}],"about":[{"href":"https:\/\/pinews.com.br\/index.php\/wp-json\/wp\/v2\/types\/post"}],"author":[{"embeddable":true,"href":"https:\/\/pinews.com.br\/index.php\/wp-json\/wp\/v2\/users\/4"}],"replies":[{"embeddable":true,"href":"https:\/\/pinews.com.br\/index.php\/wp-json\/wp\/v2\/comments?post=52195"}],"version-history":[{"count":1,"href":"https:\/\/pinews.com.br\/index.php\/wp-json\/wp\/v2\/posts\/52195\/revisions"}],"predecessor-version":[{"id":52197,"href":"https:\/\/pinews.com.br\/index.php\/wp-json\/wp\/v2\/posts\/52195\/revisions\/52197"}],"wp:featuredmedia":[{"embeddable":true,"href":"https:\/\/pinews.com.br\/index.php\/wp-json\/wp\/v2\/media\/52196"}],"wp:attachment":[{"href":"https:\/\/pinews.com.br\/index.php\/wp-json\/wp\/v2\/media?parent=52195"}],"wp:term":[{"taxonomy":"category","embeddable":true,"href":"https:\/\/pinews.com.br\/index.php\/wp-json\/wp\/v2\/categories?post=52195"},{"taxonomy":"post_tag","embeddable":true,"href":"https:\/\/pinews.com.br\/index.php\/wp-json\/wp\/v2\/tags?post=52195"}],"curies":[{"name":"wp","href":"https:\/\/api.w.org\/{rel}","templated":true}]}}