{"id":52201,"date":"2023-08-15T18:26:08","date_gmt":"2023-08-15T21:26:08","guid":{"rendered":"https:\/\/pinews.com.br\/?p=52201"},"modified":"2023-08-15T18:26:11","modified_gmt":"2023-08-15T21:26:11","slug":"carreta-incendeia-apos-motorista-dormir-ao-volante-e-veiculo-colidir-contra-defensa-metalica-na-br-343-no-piaui","status":"publish","type":"post","link":"https:\/\/pinews.com.br\/index.php\/2023\/08\/15\/carreta-incendeia-apos-motorista-dormir-ao-volante-e-veiculo-colidir-contra-defensa-metalica-na-br-343-no-piaui\/","title":{"rendered":"Carreta incendeia ap\u00f3s motorista dormir ao volante e ve\u00edculo colidir contra defensa met\u00e1lica na BR-343 no Piau\u00ed"},"content":{"rendered":"\n<p>Uma carreta pegou fogo na manh\u00e3 desta ter\u00e7a-feira (15) ap\u00f3s o ve\u00edculo colidir contra uma defensa met\u00e1lica na BR-343, no munic\u00edpio de Altos, Norte do Piau\u00ed.<\/p>\n\n\n\n<p>De acordo com a Pol\u00edcia Rodovi\u00e1ria Federal (PRF), o motorista da carreta, de 29 anos, teria dormido ao volante, o que fez com que o ve\u00edculo sa\u00edsse da pista e colidisse contra a defensa.\u00a0O condutor saiu ileso.<\/p>\n\n\n\n<p>O Corpo de Bombeiros no Piau\u00ed foi acionado para combater o inc\u00eandio no ve\u00edculo.<\/p>\n\n\n\n<p><strong>Fonte: G1 Pl <\/strong><\/p>\n","protected":false},"excerpt":{"rendered":"<p>Uma carreta pegou fogo na manh\u00e3 desta ter\u00e7a-feira (15) ap\u00f3s o ve\u00edculo colidir contra uma defensa met\u00e1lica na BR-343, no munic\u00edpio de Altos, Norte do Piau\u00ed. De acordo com a Pol\u00edcia Rodovi\u00e1ria Federal (PRF), o motorista da carreta, de 29 anos, teria dormido ao volante, o que fez com que o ve\u00edculo sa\u00edsse da pista [&hellip;]<\/p>\n","protected":false},"author":4,"featured_media":52202,"comment_status":"open","ping_status":"open","sticky":false,"template":"","format":"standard","meta":{"beyondwords_generate_audio":"","beyondwords_project_id":"","beyondwords_podcast_id":"","beyondwords_hash":"","beyondwords_error_message":"","beyondwords_disabled":"","publish_post_to_speechkit":"","speechkit_generate_audio":"","speechkit_project_id":"","speechkit_podcast_id":"","speechkit_hash":"","speechkit_error_message":"","speechkit_disabled":"","speechkit_access_key":"","speechkit_error":"","speechkit_info":"","speechkit_response":"","speechkit_retries":"","_speechkit_link":"","_speechkit_text":""},"categories":[51],"tags":[132,70,377,448,300,294,11734,116,8824,11553,58,91,52,158,7177],"jetpack_featured_media_url":"https:\/\/pinews.com.br\/wp-content\/uploads\/2023\/08\/whatsapp-image-2023-08-15-at-15.25.19.jpeg","_links":{"self":[{"href":"https:\/\/pinews.com.br\/index.php\/wp-json\/wp\/v2\/posts\/52201"}],"collection":[{"href":"https:\/\/pinews.com.br\/index.php\/wp-json\/wp\/v2\/posts"}],"about":[{"href":"https:\/\/pinews.com.br\/index.php\/wp-json\/wp\/v2\/types\/post"}],"author":[{"embeddable":true,"href":"https:\/\/pinews.com.br\/index.php\/wp-json\/wp\/v2\/users\/4"}],"replies":[{"embeddable":true,"href":"https:\/\/pinews.com.br\/index.php\/wp-json\/wp\/v2\/comments?post=52201"}],"version-history":[{"count":1,"href":"https:\/\/pinews.com.br\/index.php\/wp-json\/wp\/v2\/posts\/52201\/revisions"}],"predecessor-version":[{"id":52203,"href":"https:\/\/pinews.com.br\/index.php\/wp-json\/wp\/v2\/posts\/52201\/revisions\/52203"}],"wp:featuredmedia":[{"embeddable":true,"href":"https:\/\/pinews.com.br\/index.php\/wp-json\/wp\/v2\/media\/52202"}],"wp:attachment":[{"href":"https:\/\/pinews.com.br\/index.php\/wp-json\/wp\/v2\/media?parent=52201"}],"wp:term":[{"taxonomy":"category","embeddable":true,"href":"https:\/\/pinews.com.br\/index.php\/wp-json\/wp\/v2\/categories?post=52201"},{"taxonomy":"post_tag","embeddable":true,"href":"https:\/\/pinews.com.br\/index.php\/wp-json\/wp\/v2\/tags?post=52201"}],"curies":[{"name":"wp","href":"https:\/\/api.w.org\/{rel}","templated":true}]}}