{"id":52225,"date":"2023-08-16T17:36:09","date_gmt":"2023-08-16T20:36:09","guid":{"rendered":"https:\/\/pinews.com.br\/?p=52225"},"modified":"2023-08-16T17:37:09","modified_gmt":"2023-08-16T20:37:09","slug":"homem-e-preso-com-armamento-no-piaui-apos-roubar-carro-em-fortaleza","status":"publish","type":"post","link":"https:\/\/pinews.com.br\/index.php\/2023\/08\/16\/homem-e-preso-com-armamento-no-piaui-apos-roubar-carro-em-fortaleza\/","title":{"rendered":"Homem \u00e9 preso com armamento no Piau\u00ed ap\u00f3s roubar carro em Fortaleza"},"content":{"rendered":"\n<p>Um homem, identificado como Amarildo Machado Ara\u00fajo, foi preso na rua Desembargador Sales, no bairro Nova Parna\u00edba, no munic\u00edpio de Parna\u00edba. Ap\u00f3s investiga\u00e7\u00f5es sobre o roubo de um carro em Fortaleza, a equipe da ROCAM se deslocou \u00e0 resid\u00eancia do indiv\u00edduo, localizou o ve\u00edculo e confirmou o crime.<\/p>\n\n\n\n<p>Segundo o Major Bernardo, subcomandante do 2\u00ba Batalh\u00e3o de Pol\u00edcia Militar de Parna\u00edba, os policiais&nbsp;receberam informa\u00e7\u00f5es da seguradora&nbsp;sobre a localiza\u00e7\u00e3o do carro. As autoridades adentraram na casa do acusado e durante as buscas foram encontrados:&nbsp;uma pistola 9 mil\u00edmetros com muni\u00e7\u00f5es, muni\u00e7\u00f5es de calibre .380, al\u00e9m de quantias em dinheiro.<\/p>\n\n\n\n<p><em>\u201cA equipe da ROCAM se deslocaram para o local e l\u00e1 foi constatado o fato, que realmente o caro estava l\u00e1. Apenas uma pessoa (foi presa), que foi o propriet\u00e1rio da casa que estava em posse desse material, do carro e do armamento\u201d<\/em>, explicou o major Bernardo.<\/p>\n\n\n\n<p><img decoding=\"async\" src=\"https:\/\/www.meionorte.com\/uploads\/imagens\/2023\/8\/16\/homem-e-preso-com-armamento-em-parnaiba-apos-roubar-carro-em-fortaleza-6de48018-e643-411d-a64d-2bd394bbb2f2.jpg\" alt=\"Homem \u00e9 preso com armamento em Parna\u00edba ap\u00f3s roubar carro em Fortaleza (Foto: Reprodu\u00e7\u00e3o\/ROCAM)\">Homem \u00e9 preso com armamento em Parna\u00edba ap\u00f3s roubar carro em Fortaleza (Foto: Reprodu\u00e7\u00e3o\/ROCAM)<\/p>\n\n\n\n<p>De acordo com o boletim de ocorr\u00eancia registrado ap\u00f3s o crime,&nbsp;o carro foi tomado de assalto por dois criminosos enquanto a v\u00edtima &#8211; uma senhora &#8211; circulava em Fortaleza. O criminoso j\u00e1 possu\u00eda passagens pela pol\u00edcia. N\u00e3o foram precisados quantos dias o indiv\u00edduo estava na casa onde foi preso.<\/p>\n\n\n\n<p>O acusado foi levado para a&nbsp;Central de Flagrantes de Parna\u00edba&nbsp;juntamente com o material apreendido. O caso agora fica sob responsabilidade da Pol\u00edcia Civil, onde devem ser realizados os procedimentos legais cab\u00edveis.<\/p>\n\n\n\n<p><img decoding=\"async\" src=\"https:\/\/www.meionorte.com\/uploads\/imagens\/2023\/8\/16\/homem-e-preso-com-armamento-em-parnaiba-apos-roubar-carro-em-fortaleza-4fb178d6-3021-4c9e-8047-432a2684e9b0.jpg\" alt=\"Homem \u00e9 preso com armamento em Parna\u00edba ap\u00f3s roubar carro em Fortaleza (Foto: Reprodu\u00e7\u00e3o)Homem \u00e9 preso com armamento em Parna\u00edba ap\u00f3s roubar carro em Fortaleza (Foto: Reprodu\u00e7\u00e3o)\">Homem \u00e9 preso com armamento em Parna\u00edba ap\u00f3s roubar carro em Fortaleza (Foto: Reprodu\u00e7\u00e3o)<\/p>\n\n\n\n<p><strong>Fonte: Meio Norte <\/strong><\/p>\n","protected":false},"excerpt":{"rendered":"<p>Um homem, identificado como Amarildo Machado Ara\u00fajo, foi preso na rua Desembargador Sales, no bairro Nova Parna\u00edba, no munic\u00edpio de Parna\u00edba. Ap\u00f3s investiga\u00e7\u00f5es sobre o roubo de um carro em Fortaleza, a equipe da ROCAM se deslocou \u00e0 resid\u00eancia do indiv\u00edduo, localizou o ve\u00edculo e confirmou o crime. Segundo o Major Bernardo, subcomandante do 2\u00ba [&hellip;]<\/p>\n","protected":false},"author":4,"featured_media":52226,"comment_status":"open","ping_status":"open","sticky":false,"template":"","format":"standard","meta":{"beyondwords_generate_audio":"","beyondwords_project_id":"","beyondwords_podcast_id":"","beyondwords_hash":"","beyondwords_error_message":"","beyondwords_disabled":"","publish_post_to_speechkit":"","speechkit_generate_audio":"","speechkit_project_id":"","speechkit_podcast_id":"","speechkit_hash":"","speechkit_error_message":"","speechkit_disabled":"","speechkit_access_key":"","speechkit_error":"","speechkit_info":"","speechkit_response":"","speechkit_retries":"","_speechkit_link":"","_speechkit_text":""},"categories":[51,78],"tags":[70,6729,62,72,46,2757,84,52,79,351],"jetpack_featured_media_url":"https:\/\/pinews.com.br\/wp-content\/uploads\/2023\/08\/homem-e-preso-com-armamento-em-parnaiba-apos-roubar-carro-em-fortaleza-f44c1645-0a96-46cd-bb97-f668da55631c.webp","_links":{"self":[{"href":"https:\/\/pinews.com.br\/index.php\/wp-json\/wp\/v2\/posts\/52225"}],"collection":[{"href":"https:\/\/pinews.com.br\/index.php\/wp-json\/wp\/v2\/posts"}],"about":[{"href":"https:\/\/pinews.com.br\/index.php\/wp-json\/wp\/v2\/types\/post"}],"author":[{"embeddable":true,"href":"https:\/\/pinews.com.br\/index.php\/wp-json\/wp\/v2\/users\/4"}],"replies":[{"embeddable":true,"href":"https:\/\/pinews.com.br\/index.php\/wp-json\/wp\/v2\/comments?post=52225"}],"version-history":[{"count":2,"href":"https:\/\/pinews.com.br\/index.php\/wp-json\/wp\/v2\/posts\/52225\/revisions"}],"predecessor-version":[{"id":52228,"href":"https:\/\/pinews.com.br\/index.php\/wp-json\/wp\/v2\/posts\/52225\/revisions\/52228"}],"wp:featuredmedia":[{"embeddable":true,"href":"https:\/\/pinews.com.br\/index.php\/wp-json\/wp\/v2\/media\/52226"}],"wp:attachment":[{"href":"https:\/\/pinews.com.br\/index.php\/wp-json\/wp\/v2\/media?parent=52225"}],"wp:term":[{"taxonomy":"category","embeddable":true,"href":"https:\/\/pinews.com.br\/index.php\/wp-json\/wp\/v2\/categories?post=52225"},{"taxonomy":"post_tag","embeddable":true,"href":"https:\/\/pinews.com.br\/index.php\/wp-json\/wp\/v2\/tags?post=52225"}],"curies":[{"name":"wp","href":"https:\/\/api.w.org\/{rel}","templated":true}]}}