{"id":52269,"date":"2023-08-18T11:58:04","date_gmt":"2023-08-18T14:58:04","guid":{"rendered":"https:\/\/pinews.com.br\/?p=52269"},"modified":"2023-08-18T11:58:07","modified_gmt":"2023-08-18T14:58:07","slug":"justica-torna-reus-acusados-de-matar-jovem-encontrado-carbonizado-em-francisco-macedo-tamanha-crueldade-diz-irma-da-vitima","status":"publish","type":"post","link":"https:\/\/pinews.com.br\/index.php\/2023\/08\/18\/justica-torna-reus-acusados-de-matar-jovem-encontrado-carbonizado-em-francisco-macedo-tamanha-crueldade-diz-irma-da-vitima\/","title":{"rendered":"Justi\u00e7a torna r\u00e9us acusados de matar jovem encontrado carbonizado em Francisco Macedo: \u2018tamanha crueldade\u2019, diz irm\u00e3 da v\u00edtima"},"content":{"rendered":"\n<p>A Justi\u00e7a aceitou den\u00fancia do Minist\u00e9rio P\u00fablico do Piau\u00ed (MP-PI) e tornou r\u00e9us Fernando Feitosa de Sousa e Leonardo Francisco de Carvalho pelo assassinato de Ezequiel Erenildo Rodrigues, de 27 anos.\u00a0O jovem foi encontrado carbonizado na Zona Rural de Francisco Macedo, munic\u00edpio a 335 km ao Sul de Teresina, em abril deste ano.<\/p>\n\n\n\n<p>A pol\u00edcia indiciou tamb\u00e9m Francislauro do Reis Moraes como part\u00edcipe do homic\u00eddio. Ele teria emprestado a arma de fogo utilizada no crime para Leonardo uma semana antes.&nbsp;A Justi\u00e7a incluiu o acusado no processo.<\/p>\n\n\n\n<p>O delegado Juarez Paiva informou que o crime foi motivado por ci\u00fames. Ap\u00f3s ser elucidado, o caso foi encaminhado \u00e0 Vara \u00danica da Comarca de Padre Marcos.<\/p>\n\n\n\n<p>\u201cOs trabalhos da pol\u00edcia judici\u00e1ria foram conclu\u00eddos. Se houver outra dilig\u00eancia requerida pelo Minist\u00e9rio P\u00fablico, durante o curso do processo, iremos, certamente realizar\u201d, afirmou o delegado.<\/p>\n\n\n\n<p>Fernando est\u00e1 preso preventivamente, mas Leonardo segue foragido.<\/p>\n\n\n\n<h2>Fam\u00edlia pede justi\u00e7a<\/h2>\n\n\n\n<figure class=\"wp-block-image\"><img decoding=\"async\" src=\"https:\/\/s2-g1.glbimg.com\/X4ABOU7xfKCMrGv1IUJouO7qJ8I=\/0x0:2000x2000\/984x0\/smart\/filters:strip_icc()\/i.s3.glbimg.com\/v1\/AUTH_59edd422c0c84a879bd37670ae4f538a\/internal_photos\/bs\/2023\/1\/a\/7p6DsxTc2TkLgXeboxWQ\/blank-2-grids-collage-43-.jpg\" alt=\"Fam\u00edlia realizam manifesta\u00e7\u00f5es e pedem justi\u00e7a \u2014 Foto: Reprodu\u00e7\u00e3o\"\/><figcaption class=\"wp-element-caption\">Fam\u00edlia realizam manifesta\u00e7\u00f5es e pedem justi\u00e7a \u2014 Foto: Reprodu\u00e7\u00e3o<\/figcaption><\/figure>\n\n\n\n<p>Desde o dia do crime, a fam\u00edlia de Ezequiel Erenildo vem realizando manifesta\u00e7\u00f5es clamando por justi\u00e7a. Os protestos aconteceram nos munic\u00edpios de\u00a0Marcol\u00e2ndia\u00a0e\u00a0Sim\u00f5es, nos dias 2 de junho e 12 de julho.<\/p>\n\n\n\n<blockquote class=\"wp-block-quote\">\n<p>\u201cO desejo da fam\u00edlia de Ezequiel \u00e9 justi\u00e7a por tamanha crueldade. Ezequiel era uma pessoa muito especial, por onde ele passava, todos gostavam dele, do seu jeito de ser, tinha muitos amigos\u201d, declarou a irm\u00e3 da v\u00edtima, Mariza Rodrigues.<\/p>\n<\/blockquote>\n\n\n\n<p><strong>Fonte: G1 PI <\/strong><\/p>\n","protected":false},"excerpt":{"rendered":"<p>A Justi\u00e7a aceitou den\u00fancia do Minist\u00e9rio P\u00fablico do Piau\u00ed (MP-PI) e tornou r\u00e9us Fernando Feitosa de Sousa e Leonardo Francisco de Carvalho pelo assassinato de Ezequiel Erenildo Rodrigues, de 27 anos.\u00a0O jovem foi encontrado carbonizado na Zona Rural de Francisco Macedo, munic\u00edpio a 335 km ao Sul de Teresina, em abril deste ano. A pol\u00edcia [&hellip;]<\/p>\n","protected":false},"author":1,"featured_media":52270,"comment_status":"open","ping_status":"open","sticky":false,"template":"","format":"standard","meta":{"beyondwords_generate_audio":"","beyondwords_project_id":"","beyondwords_podcast_id":"","beyondwords_hash":"","beyondwords_error_message":"","beyondwords_disabled":"","publish_post_to_speechkit":"","speechkit_generate_audio":"","speechkit_project_id":"","speechkit_podcast_id":"","speechkit_hash":"","speechkit_error_message":"","speechkit_disabled":"","speechkit_access_key":"","speechkit_error":"","speechkit_info":"","speechkit_response":"","speechkit_retries":"","_speechkit_link":"","_speechkit_text":""},"categories":[703,51,78],"tags":[1665,714,11707,122,44,683,46,200,702,752,266,1097,704,85,10743,11744,9743,285],"jetpack_featured_media_url":"https:\/\/pinews.com.br\/wp-content\/uploads\/2023\/08\/whatsapp-image-2023-08-17-at-18.11.00.jpeg","_links":{"self":[{"href":"https:\/\/pinews.com.br\/index.php\/wp-json\/wp\/v2\/posts\/52269"}],"collection":[{"href":"https:\/\/pinews.com.br\/index.php\/wp-json\/wp\/v2\/posts"}],"about":[{"href":"https:\/\/pinews.com.br\/index.php\/wp-json\/wp\/v2\/types\/post"}],"author":[{"embeddable":true,"href":"https:\/\/pinews.com.br\/index.php\/wp-json\/wp\/v2\/users\/1"}],"replies":[{"embeddable":true,"href":"https:\/\/pinews.com.br\/index.php\/wp-json\/wp\/v2\/comments?post=52269"}],"version-history":[{"count":1,"href":"https:\/\/pinews.com.br\/index.php\/wp-json\/wp\/v2\/posts\/52269\/revisions"}],"predecessor-version":[{"id":52271,"href":"https:\/\/pinews.com.br\/index.php\/wp-json\/wp\/v2\/posts\/52269\/revisions\/52271"}],"wp:featuredmedia":[{"embeddable":true,"href":"https:\/\/pinews.com.br\/index.php\/wp-json\/wp\/v2\/media\/52270"}],"wp:attachment":[{"href":"https:\/\/pinews.com.br\/index.php\/wp-json\/wp\/v2\/media?parent=52269"}],"wp:term":[{"taxonomy":"category","embeddable":true,"href":"https:\/\/pinews.com.br\/index.php\/wp-json\/wp\/v2\/categories?post=52269"},{"taxonomy":"post_tag","embeddable":true,"href":"https:\/\/pinews.com.br\/index.php\/wp-json\/wp\/v2\/tags?post=52269"}],"curies":[{"name":"wp","href":"https:\/\/api.w.org\/{rel}","templated":true}]}}