{"id":52272,"date":"2023-08-18T18:06:27","date_gmt":"2023-08-18T21:06:27","guid":{"rendered":"https:\/\/pinews.com.br\/?p=52272"},"modified":"2023-08-18T18:06:29","modified_gmt":"2023-08-18T21:06:29","slug":"menor-e-apreendido-comercializando-drogas-no-litoral-do-piaui","status":"publish","type":"post","link":"https:\/\/pinews.com.br\/index.php\/2023\/08\/18\/menor-e-apreendido-comercializando-drogas-no-litoral-do-piaui\/","title":{"rendered":"Menor \u00e9 apreendido comercializando drogas no litoral do Piau\u00ed"},"content":{"rendered":"\n<p>O 27\u00ba Batalh\u00e3o da Pol\u00edcia Militar do Piau\u00ed, com o apoio do reservado do 2\u00ba BPM,  apreendeu na tarde desta quinta-feira (17\/08) um menor de idade de iniciais K. P dos S., por tr\u00e1fico de drogas. A captura do suspeito ocorreu no bairro Jo\u00e3o XXIII, em Parna\u00edba, regi\u00e3o Norte do estado.<\/p>\n\n\n\n<p>Na tarde de ontem, o 27\u00ba BPM recebeu uma informa\u00e7\u00e3o relatando que no endere\u00e7o ocorria a\u00a0comercializa\u00e7\u00e3o de entorpecentes. Em seguida, a guarni\u00e7\u00e3o se dirigiu at\u00e9 o local e flagrou o menor tentando fugir por um terreno, mas ele foi capturado e submetido a uma abordagem policial.<\/p>\n\n\n\n<p>Durante vistoria no terreno em que o menor foi encontrado, a pol\u00edcia encontrou\u00a032 por\u00e7\u00f5es de subst\u00e2ncia an\u00e1loga a maconha, 23 por\u00e7\u00f5es an\u00e1logas a crack, uma sacola com cerca de R$ 495,40 em esp\u00e9cie, 1 aparelho DVR Intelbras, 1 celular, 1 rel\u00f3gio, 2 carregadores de celular, 1 cord\u00e3o de prata, 1 cart\u00e3o da caixa\/poupan\u00e7a, 1 carteira porta documentos. O suspeito foi encaminhado para a Central de Flagrantes do munic\u00edpio para os procedimentos cab\u00edveis.<\/p>\n\n\n\n<p><strong>Fonte: Meio Norte <\/strong><\/p>\n","protected":false},"excerpt":{"rendered":"<p>O 27\u00ba Batalh\u00e3o da Pol\u00edcia Militar do Piau\u00ed, com o apoio do reservado do 2\u00ba BPM, apreendeu na tarde desta quinta-feira (17\/08) um menor de idade de iniciais K. P dos S., por tr\u00e1fico de drogas. A captura do suspeito ocorreu no bairro Jo\u00e3o XXIII, em Parna\u00edba, regi\u00e3o Norte do estado. Na tarde de ontem, [&hellip;]<\/p>\n","protected":false},"author":4,"featured_media":52273,"comment_status":"open","ping_status":"open","sticky":false,"template":"","format":"standard","meta":{"beyondwords_generate_audio":"","beyondwords_project_id":"","beyondwords_podcast_id":"","beyondwords_hash":"","beyondwords_error_message":"","beyondwords_disabled":"","publish_post_to_speechkit":"","speechkit_generate_audio":"","speechkit_project_id":"","speechkit_podcast_id":"","speechkit_hash":"","speechkit_error_message":"","speechkit_disabled":"","speechkit_access_key":"","speechkit_error":"","speechkit_info":"","speechkit_response":"","speechkit_retries":"","_speechkit_link":"","_speechkit_text":""},"categories":[51,78],"tags":[1117,11633,193,72,202,1549,52],"jetpack_featured_media_url":"https:\/\/pinews.com.br\/wp-content\/uploads\/2023\/08\/menor-e-apreendido-comercializando-drogas-no-litoral-do-piaui-0240414e-984d-4ea3-92e2-03dd0dee13e2.jpg","_links":{"self":[{"href":"https:\/\/pinews.com.br\/index.php\/wp-json\/wp\/v2\/posts\/52272"}],"collection":[{"href":"https:\/\/pinews.com.br\/index.php\/wp-json\/wp\/v2\/posts"}],"about":[{"href":"https:\/\/pinews.com.br\/index.php\/wp-json\/wp\/v2\/types\/post"}],"author":[{"embeddable":true,"href":"https:\/\/pinews.com.br\/index.php\/wp-json\/wp\/v2\/users\/4"}],"replies":[{"embeddable":true,"href":"https:\/\/pinews.com.br\/index.php\/wp-json\/wp\/v2\/comments?post=52272"}],"version-history":[{"count":1,"href":"https:\/\/pinews.com.br\/index.php\/wp-json\/wp\/v2\/posts\/52272\/revisions"}],"predecessor-version":[{"id":52274,"href":"https:\/\/pinews.com.br\/index.php\/wp-json\/wp\/v2\/posts\/52272\/revisions\/52274"}],"wp:featuredmedia":[{"embeddable":true,"href":"https:\/\/pinews.com.br\/index.php\/wp-json\/wp\/v2\/media\/52273"}],"wp:attachment":[{"href":"https:\/\/pinews.com.br\/index.php\/wp-json\/wp\/v2\/media?parent=52272"}],"wp:term":[{"taxonomy":"category","embeddable":true,"href":"https:\/\/pinews.com.br\/index.php\/wp-json\/wp\/v2\/categories?post=52272"},{"taxonomy":"post_tag","embeddable":true,"href":"https:\/\/pinews.com.br\/index.php\/wp-json\/wp\/v2\/tags?post=52272"}],"curies":[{"name":"wp","href":"https:\/\/api.w.org\/{rel}","templated":true}]}}