{"id":52295,"date":"2023-08-19T11:01:45","date_gmt":"2023-08-19T14:01:45","guid":{"rendered":"https:\/\/pinews.com.br\/?p=52295"},"modified":"2023-08-19T11:02:44","modified_gmt":"2023-08-19T14:02:44","slug":"engenheiro-do-piaui-da-funai-desaparece-apos-queda-de-helicoptero-na-amazonia","status":"publish","type":"post","link":"https:\/\/pinews.com.br\/index.php\/2023\/08\/19\/engenheiro-do-piaui-da-funai-desaparece-apos-queda-de-helicoptero-na-amazonia\/","title":{"rendered":"Engenheiro do Piau\u00ed da Funai desaparece ap\u00f3s queda de helic\u00f3ptero na Amaz\u00f4nia"},"content":{"rendered":"\n<p>O engenheiro civil do Piau\u00ed, Jos\u00e9 Francisco Vieira, faz parte do grupo que estava a bordo do helic\u00f3ptero que sofreu um acidente na regi\u00e3o amaz\u00f4nica, entre os estados do Par\u00e1 e Amap\u00e1. Ele encontra-se em situa\u00e7\u00e3o de desaparecimento desde o dia 16 de agosto, quarta-feira passada. A Funda\u00e7\u00e3o Nacional dos Povos Ind\u00edgenas (Funai) confirmou essa informa\u00e7\u00e3o em comunicado divulgado nesta sexta-feira (18\/08).<\/p>\n\n\n\n<p>Jos\u00e9 Francisco Vieira possui uma carreira de mais de 30 anos como servidor da Funai e atualmente trabalha na unidade descentralizada de Manaus, localizada no Amazonas. L\u00e1, ele desempenha atividades de campo. Ele \u00e9 natural do munic\u00edpio de S\u00e3o Miguel do Tapuio, situado a 225 km de Teresina.<\/p>\n\n\n\n<p>A Funai tamb\u00e9m comunicou que as autoridades competentes j\u00e1 deram in\u00edcio \u00e0s opera\u00e7\u00f5es de busca na \u00e1rea, mas at\u00e9 o momento, n\u00e3o h\u00e1 dados dispon\u00edveis sobre a localiza\u00e7\u00e3o da aeronave e seus ocupantes. A institui\u00e7\u00e3o mant\u00e9m contato com outros \u00f3rg\u00e3os envolvidos no processo de busca e resgate.<\/p>\n\n\n\n<p><strong>Relembre o caso<\/strong><\/p>\n\n\n\n<p>Na tarde de quarta-feira, 16 de agosto, um helic\u00f3ptero com tr\u00eas ocupantes desapareceu na Floresta Amaz\u00f4nica do Amap\u00e1, de acordo com informa\u00e7\u00f5es da Funai. A tripula\u00e7\u00e3o era composta pelo engenheiro da Funai, um tenente-comandante e um mec\u00e2nico. Os indiv\u00edduos foram identificados como Jos\u00e9 Francisco Vieira, engenheiro da Funai, Josilei Gon\u00e7alves de Freitas, tenente-coronel, e o mec\u00e2nico conhecido como Gabriel.<\/p>\n\n\n\n<p>Segundo a For\u00e7a A\u00e9rea Brasileira (FAB), o pouso estava programado para ocorrer aproximadamente duas horas ap\u00f3s a decolagem.<\/p>\n\n\n\n<p><strong>Confira nota na \u00edntegra<\/strong><\/p>\n\n\n\n<p><em>A Funda\u00e7\u00e3o Nacional dos Povos Ind\u00edgenas (Funai) acompanha o trabalho de busca a um helic\u00f3ptero da empresa Sagres, contratada pelo Distrito Sanit\u00e1rio Especial Ind\u00edgena (DSEI) Amap\u00e1 e Norte do Par\u00e1, que est\u00e1 desaparecido desde a \u00faltima quarta-feira (16) com os seguintes ocupantes: o engenheiro da Funai Jos\u00e9 Francisco Vieira, o comandante Tenente Coronel Josilei Gon\u00e7alves de Freitas e o mec\u00e2nico Gabriel.<\/em><\/p>\n\n\n\n<p><em>De acordo com a Secretaria Especial de Sa\u00fade Ind\u00edgena (Sesai) do Minist\u00e9rio da Sa\u00fade, a equipe fazia inspe\u00e7\u00e3o de pistas de pouso na regi\u00e3o da Terra Ind\u00edgena Parque do Tumucumaque, e decolou do polo base Bona, na Aldeia Maritepu, \u00e0s 12h. O grupo deveria ter chegado a Macap\u00e1 (AP) \u00e0s 14h de quarta-feira.<\/em><\/p>\n\n\n\n<p><em>Ap\u00f3s serem acionadas, as autoridades competentes come\u00e7aram as buscas na regi\u00e3o. Conforme a Sesai, ainda n\u00e3o h\u00e1 informa\u00e7\u00f5es relativas \u00e0 aeronave e aos passageiros. A Funai segue em contato com outros \u00f3rg\u00e3os empenhados nas buscas.<\/em><\/p>\n\n\n\n<p><strong>Fonte: 180 graus<\/strong><\/p>\n","protected":false},"excerpt":{"rendered":"<p>O engenheiro civil do Piau\u00ed, Jos\u00e9 Francisco Vieira, faz parte do grupo que estava a bordo do helic\u00f3ptero que sofreu um acidente na regi\u00e3o amaz\u00f4nica, entre os estados do Par\u00e1 e Amap\u00e1. Ele encontra-se em situa\u00e7\u00e3o de desaparecimento desde o dia 16 de agosto, quarta-feira passada. A Funda\u00e7\u00e3o Nacional dos Povos Ind\u00edgenas (Funai) confirmou essa [&hellip;]<\/p>\n","protected":false},"author":1,"featured_media":52296,"comment_status":"open","ping_status":"open","sticky":false,"template":"","format":"standard","meta":{"beyondwords_generate_audio":"","beyondwords_project_id":"","beyondwords_podcast_id":"","beyondwords_hash":"","beyondwords_error_message":"","beyondwords_disabled":"","publish_post_to_speechkit":"","speechkit_generate_audio":"","speechkit_project_id":"","speechkit_podcast_id":"","speechkit_hash":"","speechkit_error_message":"","speechkit_disabled":"","speechkit_access_key":"","speechkit_error":"","speechkit_info":"","speechkit_response":"","speechkit_retries":"","_speechkit_link":"","_speechkit_text":""},"categories":[134,51],"tags":[11747,70,122,44,1630,1635,11746,9084,91,52,1154],"jetpack_featured_media_url":"https:\/\/pinews.com.br\/wp-content\/uploads\/2023\/08\/enge-1692398445.jpg","_links":{"self":[{"href":"https:\/\/pinews.com.br\/index.php\/wp-json\/wp\/v2\/posts\/52295"}],"collection":[{"href":"https:\/\/pinews.com.br\/index.php\/wp-json\/wp\/v2\/posts"}],"about":[{"href":"https:\/\/pinews.com.br\/index.php\/wp-json\/wp\/v2\/types\/post"}],"author":[{"embeddable":true,"href":"https:\/\/pinews.com.br\/index.php\/wp-json\/wp\/v2\/users\/1"}],"replies":[{"embeddable":true,"href":"https:\/\/pinews.com.br\/index.php\/wp-json\/wp\/v2\/comments?post=52295"}],"version-history":[{"count":1,"href":"https:\/\/pinews.com.br\/index.php\/wp-json\/wp\/v2\/posts\/52295\/revisions"}],"predecessor-version":[{"id":52297,"href":"https:\/\/pinews.com.br\/index.php\/wp-json\/wp\/v2\/posts\/52295\/revisions\/52297"}],"wp:featuredmedia":[{"embeddable":true,"href":"https:\/\/pinews.com.br\/index.php\/wp-json\/wp\/v2\/media\/52296"}],"wp:attachment":[{"href":"https:\/\/pinews.com.br\/index.php\/wp-json\/wp\/v2\/media?parent=52295"}],"wp:term":[{"taxonomy":"category","embeddable":true,"href":"https:\/\/pinews.com.br\/index.php\/wp-json\/wp\/v2\/categories?post=52295"},{"taxonomy":"post_tag","embeddable":true,"href":"https:\/\/pinews.com.br\/index.php\/wp-json\/wp\/v2\/tags?post=52295"}],"curies":[{"name":"wp","href":"https:\/\/api.w.org\/{rel}","templated":true}]}}