{"id":52346,"date":"2023-08-21T12:00:22","date_gmt":"2023-08-21T15:00:22","guid":{"rendered":"https:\/\/pinews.com.br\/?p=52346"},"modified":"2023-08-21T12:00:25","modified_gmt":"2023-08-21T15:00:25","slug":"tiroteio-deixa-dois-mortos-em-deposito-de-bebidas-no-piaui","status":"publish","type":"post","link":"https:\/\/pinews.com.br\/index.php\/2023\/08\/21\/tiroteio-deixa-dois-mortos-em-deposito-de-bebidas-no-piaui\/","title":{"rendered":"Tiroteio deixa dois mortos em dep\u00f3sito de bebidas no Piau\u00ed"},"content":{"rendered":"\n<p>Dois homens foram assassinados a tiros na madrugada dessa segunda-feira (21) ap\u00f3s uma confus\u00e3o em um dep\u00f3sito de bebidas na Avenida Dom Severino, no bairro de F\u00e1tima, na zona Leste de Teresina.&nbsp;As v\u00edtimas foram Anderson William Abel de Ara\u00fajo, de 34 anos, e \u00cdtalo Fl\u00e1vio Sousa, de 25 anos.<\/p>\n\n\n\n<p>A Pol\u00edcia Militar informou que por volta das 2h15 foi acionada por um popular que informou que estava tendo um tiroteio em um dep\u00f3sito de bebidas entre os clientes do estabelecimento, localizado nas proximidades do cruzamento das avenidas Dom Severino e Nossa Senhora de F\u00e1tima. As v\u00edtimas tentaram fugir do local em uma motocicleta, mas foram baleadas e ca\u00edram do ve\u00edculo em uma rua pr\u00f3xima ao dep\u00f3sito,&nbsp;no cruzamento da Rua Tabeli\u00e3o Jos\u00e9 Bas\u00edlio com Raimundo Portella. Uma equipe da PM que estava passando pelo local encontrou as duas v\u00edtimas baleadas.<\/p>\n\n\n\n<p>Segundo a PM, um morador procurou a guarni\u00e7\u00e3o e fez a entrega de um rev\u00f3lver cal. 38 taurus com numera\u00e7\u00e3o suprimida, ap\u00f3s informar que pegou a arma ao lado dos indiv\u00edduos porque alguns moradores de rua queriam pegar.<\/p>\n\n\n\n<p>Equipes do Samu foram acionadas, mas eles n\u00e3o resistiram aos ferimentos. &#8220;Foi acionada uma ambul\u00e2ncia do Samu que foi at\u00e9 local e depois de verificar os corpos, um deles j\u00e1 estava sem vida e o outro ainda tinha sinais vitais. Que foi colocado na ambul\u00e2ncia o indiv\u00edduo Anderson William Abel de Ara\u00fajo, que depois dos cuidados m\u00e9dicos foi conduzido para o HUT, mas n\u00e3o resistiu e veio a \u00f3bito. Foi acionado o DHPP, IML e per\u00edcia para o local&#8221;, informou a PM.<\/p>\n\n\n\n<p><strong>DHPP investiga<\/strong><\/p>\n\n\n\n<p>O delegado Francisco Costa, o Baretta, coordenador do Departamento de Homic\u00eddios e Prote\u00e7\u00e3o \u00e0 Pessoa (DHPP), informou que Anderson William Abel de Ara\u00fajo, de 34 anos, e \u00cdtalo Fl\u00e1vio Sousa, de 25 anos, tiveram uma discuss\u00e3o com homens que estavam em outra mesa no dep\u00f3sito de bebidas. Durante a discuss\u00e3o, \u00cdtalo teria feito um disparo de arma de fogo para o alto.<\/p>\n\n\n\n<p>\u201cSegundo consta, as v\u00edtimas tiveram um entreveio com outras pessoas que estavam no Dep\u00f3sito Mais, na Dom Severino. Uma das v\u00edtimas, o \u00cdtalo, estava portando uma arma calibre 38 e efetuou um disparo para cima, apontou a arma para as pessoas que estavam l\u00e1 e houve uma correria. Depois eles sa\u00edram e foram perseguidos por indiv\u00edduos em um Gol preto, e ao chegar em um cruzamento eles foram alvejados. O \u00cdtalo morreu no local e o Anderson no HUT\u201d, informou o delegado.<\/p>\n\n\n\n<p>O motivo da discuss\u00e3o entre os suspeitos e as v\u00edtimas est\u00e1 sendo investigado. \u201cTinha um grupo de homens em uma mesa e outro grupo de homens e mulheres em outra mesa. Parece que houve um entreveio por conta das mulheres. Houve uma discuss\u00e3o forte e uma das v\u00edtimas chegou a sacar uma arma, teve correria e um disparo de arma de fogo no local\u201d, explicou.<\/p>\n\n\n\n<p><br><strong>Fonte: B\u00e1rbara Rodrigues\/ Cidade Verde <\/strong><\/p>\n","protected":false},"excerpt":{"rendered":"<p>Dois homens foram assassinados a tiros na madrugada dessa segunda-feira (21) ap\u00f3s uma confus\u00e3o em um dep\u00f3sito de bebidas na Avenida Dom Severino, no bairro de F\u00e1tima, na zona Leste de Teresina.&nbsp;As v\u00edtimas foram Anderson William Abel de Ara\u00fajo, de 34 anos, e \u00cdtalo Fl\u00e1vio Sousa, de 25 anos. A Pol\u00edcia Militar informou que por [&hellip;]<\/p>\n","protected":false},"author":4,"featured_media":52347,"comment_status":"open","ping_status":"open","sticky":false,"template":"","format":"standard","meta":{"beyondwords_generate_audio":"","beyondwords_project_id":"","beyondwords_podcast_id":"","beyondwords_hash":"","beyondwords_error_message":"","beyondwords_disabled":"","publish_post_to_speechkit":"","speechkit_generate_audio":"","speechkit_project_id":"","speechkit_podcast_id":"","speechkit_hash":"","speechkit_error_message":"","speechkit_disabled":"","speechkit_access_key":"","speechkit_error":"","speechkit_info":"","speechkit_response":"","speechkit_retries":"","_speechkit_link":"","_speechkit_text":""},"categories":[51,78,81],"tags":[5742,44,252,6013,106,46,759,52,773],"jetpack_featured_media_url":"https:\/\/pinews.com.br\/wp-content\/uploads\/2023\/08\/f374c9af81aea1f607ea0c86e3a0ef4e.jpg","_links":{"self":[{"href":"https:\/\/pinews.com.br\/index.php\/wp-json\/wp\/v2\/posts\/52346"}],"collection":[{"href":"https:\/\/pinews.com.br\/index.php\/wp-json\/wp\/v2\/posts"}],"about":[{"href":"https:\/\/pinews.com.br\/index.php\/wp-json\/wp\/v2\/types\/post"}],"author":[{"embeddable":true,"href":"https:\/\/pinews.com.br\/index.php\/wp-json\/wp\/v2\/users\/4"}],"replies":[{"embeddable":true,"href":"https:\/\/pinews.com.br\/index.php\/wp-json\/wp\/v2\/comments?post=52346"}],"version-history":[{"count":1,"href":"https:\/\/pinews.com.br\/index.php\/wp-json\/wp\/v2\/posts\/52346\/revisions"}],"predecessor-version":[{"id":52348,"href":"https:\/\/pinews.com.br\/index.php\/wp-json\/wp\/v2\/posts\/52346\/revisions\/52348"}],"wp:featuredmedia":[{"embeddable":true,"href":"https:\/\/pinews.com.br\/index.php\/wp-json\/wp\/v2\/media\/52347"}],"wp:attachment":[{"href":"https:\/\/pinews.com.br\/index.php\/wp-json\/wp\/v2\/media?parent=52346"}],"wp:term":[{"taxonomy":"category","embeddable":true,"href":"https:\/\/pinews.com.br\/index.php\/wp-json\/wp\/v2\/categories?post=52346"},{"taxonomy":"post_tag","embeddable":true,"href":"https:\/\/pinews.com.br\/index.php\/wp-json\/wp\/v2\/tags?post=52346"}],"curies":[{"name":"wp","href":"https:\/\/api.w.org\/{rel}","templated":true}]}}