{"id":52387,"date":"2023-08-22T18:18:51","date_gmt":"2023-08-22T21:18:51","guid":{"rendered":"https:\/\/pinews.com.br\/?p=52387"},"modified":"2023-08-22T18:18:54","modified_gmt":"2023-08-22T21:18:54","slug":"incendio-de-grande-proporcao-atinge-cemiterio-em-cidade-do-piaui","status":"publish","type":"post","link":"https:\/\/pinews.com.br\/index.php\/2023\/08\/22\/incendio-de-grande-proporcao-atinge-cemiterio-em-cidade-do-piaui\/","title":{"rendered":"Inc\u00eandio de grande propor\u00e7\u00e3o atinge cemit\u00e9rio em cidade do Piau\u00ed"},"content":{"rendered":"\n<p>Um inc\u00eandio de grande propor\u00e7\u00e3o atingiu um cemit\u00e9rio, no bairro Cidade Nova, em\u00a0Campo Maior, Norte do Piau\u00ed. Segundo a Defesa Civil, o\u00a0fogo se alastrou rapidamente com o vento e a baixa umidade do ar\u00a0e\u00a0n\u00e3o se sabe ao certo o motivo do ocorrido. O inc\u00eandio aconteceu na noite dessa segunda-feira (21).<\/p>\n\n\n\n<p>Ao\u00a0g1, o superintendente da Defesa Civil, Antenor Soares, explicou que as chamas n\u00e3o chegaram a atingir resid\u00eancias ou t\u00famulos, e alcan\u00e7ou apenas a vegeta\u00e7\u00e3o presente no local.<\/p>\n\n\n\n<blockquote class=\"wp-block-quote\">\n<p>\u201cO inc\u00eandio s\u00f3 queimou o capim do cemit\u00e9rio. N\u00e3o atingiu as casas, t\u00famulos, ou teve danos maiores. N\u00e3o se sabe o motivo do inc\u00eandio, pode ter sido apenas pelo calor\u201d, afirmou.<\/p>\n<\/blockquote>\n\n\n\n<p>A Defesa Civil tamb\u00e9m informo que apesar das grandes chamas nada do patrim\u00f4nio do cemit\u00e9rio foi danificado.<\/p>\n\n\n\n<p><strong>Fonte: G1 PI <\/strong><\/p>\n","protected":false},"excerpt":{"rendered":"<p>Um inc\u00eandio de grande propor\u00e7\u00e3o atingiu um cemit\u00e9rio, no bairro Cidade Nova, em\u00a0Campo Maior, Norte do Piau\u00ed. Segundo a Defesa Civil, o\u00a0fogo se alastrou rapidamente com o vento e a baixa umidade do ar\u00a0e\u00a0n\u00e3o se sabe ao certo o motivo do ocorrido. O inc\u00eandio aconteceu na noite dessa segunda-feira (21). Ao\u00a0g1, o superintendente da Defesa [&hellip;]<\/p>\n","protected":false},"author":4,"featured_media":52388,"comment_status":"open","ping_status":"open","sticky":false,"template":"","format":"standard","meta":{"beyondwords_generate_audio":"","beyondwords_project_id":"","beyondwords_podcast_id":"","beyondwords_hash":"","beyondwords_error_message":"","beyondwords_disabled":"","publish_post_to_speechkit":"","speechkit_generate_audio":"","speechkit_project_id":"","speechkit_podcast_id":"","speechkit_hash":"","speechkit_error_message":"","speechkit_disabled":"","speechkit_access_key":"","speechkit_error":"","speechkit_info":"","speechkit_response":"","speechkit_retries":"","_speechkit_link":"","_speechkit_text":""},"categories":[51],"tags":[372,6402,63,44,46,6074,547,52,9089],"jetpack_featured_media_url":"https:\/\/pinews.com.br\/wp-content\/uploads\/2023\/08\/defesa-civil.jpeg","_links":{"self":[{"href":"https:\/\/pinews.com.br\/index.php\/wp-json\/wp\/v2\/posts\/52387"}],"collection":[{"href":"https:\/\/pinews.com.br\/index.php\/wp-json\/wp\/v2\/posts"}],"about":[{"href":"https:\/\/pinews.com.br\/index.php\/wp-json\/wp\/v2\/types\/post"}],"author":[{"embeddable":true,"href":"https:\/\/pinews.com.br\/index.php\/wp-json\/wp\/v2\/users\/4"}],"replies":[{"embeddable":true,"href":"https:\/\/pinews.com.br\/index.php\/wp-json\/wp\/v2\/comments?post=52387"}],"version-history":[{"count":1,"href":"https:\/\/pinews.com.br\/index.php\/wp-json\/wp\/v2\/posts\/52387\/revisions"}],"predecessor-version":[{"id":52389,"href":"https:\/\/pinews.com.br\/index.php\/wp-json\/wp\/v2\/posts\/52387\/revisions\/52389"}],"wp:featuredmedia":[{"embeddable":true,"href":"https:\/\/pinews.com.br\/index.php\/wp-json\/wp\/v2\/media\/52388"}],"wp:attachment":[{"href":"https:\/\/pinews.com.br\/index.php\/wp-json\/wp\/v2\/media?parent=52387"}],"wp:term":[{"taxonomy":"category","embeddable":true,"href":"https:\/\/pinews.com.br\/index.php\/wp-json\/wp\/v2\/categories?post=52387"},{"taxonomy":"post_tag","embeddable":true,"href":"https:\/\/pinews.com.br\/index.php\/wp-json\/wp\/v2\/tags?post=52387"}],"curies":[{"name":"wp","href":"https:\/\/api.w.org\/{rel}","templated":true}]}}