{"id":52390,"date":"2023-08-22T18:21:29","date_gmt":"2023-08-22T21:21:29","guid":{"rendered":"https:\/\/pinews.com.br\/?p=52390"},"modified":"2023-08-22T18:21:31","modified_gmt":"2023-08-22T21:21:31","slug":"mulher-e-presa-suspeita-de-incendiar-casa-da-familia-apos-briga-com-a-irma-no-piaui","status":"publish","type":"post","link":"https:\/\/pinews.com.br\/index.php\/2023\/08\/22\/mulher-e-presa-suspeita-de-incendiar-casa-da-familia-apos-briga-com-a-irma-no-piaui\/","title":{"rendered":"Mulher \u00e9 presa suspeita de incendiar casa da fam\u00edlia ap\u00f3s briga com a irm\u00e3\u00a0no Piau\u00ed"},"content":{"rendered":"\n<p>Uma mulher, que n\u00e3o teve seu nome informado, foi presa suspeita de incendiar a pr\u00f3pria casa onde morava com a fam\u00edlia em\u00a0Teresina, nessa segunda (21).\u00a0N\u00e3o houve feridos.\u00a0Uma briga entre irm\u00e3os teria motivado o ato de vingan\u00e7a, segundo o delegado Edilson Sampaio, da Pol\u00edcia Civil.<\/p>\n\n\n\n<p>Ele relatou que a suspeita chegou na delegacia para registrar boletim de ocorr\u00eancia contra a irm\u00e3 por agress\u00e3o. Ao sair da delegacia para averiguar o caso, os policiais receberam a informa\u00e7\u00e3o de que a casa onde a v\u00edtima morava com a fam\u00edlia estava pegando fogo.<\/p>\n\n\n\n<p>Conforme o delegado, familiares relataram que ap\u00f3s ser agredida pela irm\u00e3, por vingan\u00e7a ela ateou fogo na casa. O im\u00f3vel de tr\u00eas c\u00f4modos foi quase totalmente destru\u00eddo pelo fogo e a mulher, que denunciou a agress\u00e3o e \u00e9 suspeita de inc\u00eandio criminoso, foi presa.<\/p>\n\n\n\n<p>&#8220;Foi isolada a resid\u00eancia e orientado \u00e0s moradoras a procurarem \u00f3rg\u00e3os de defesa civil para posterior avalia\u00e7\u00e3o do risco de desabamento do im\u00f3vel&#8221;, informou o Corpo de Bombeiros.<\/p>\n\n\n\n<p><strong>Fonte: G1 Pl <\/strong><\/p>\n","protected":false},"excerpt":{"rendered":"<p>Uma mulher, que n\u00e3o teve seu nome informado, foi presa suspeita de incendiar a pr\u00f3pria casa onde morava com a fam\u00edlia em\u00a0Teresina, nessa segunda (21).\u00a0N\u00e3o houve feridos.\u00a0Uma briga entre irm\u00e3os teria motivado o ato de vingan\u00e7a, segundo o delegado Edilson Sampaio, da Pol\u00edcia Civil. Ele relatou que a suspeita chegou na delegacia para registrar boletim [&hellip;]<\/p>\n","protected":false},"author":4,"featured_media":52391,"comment_status":"open","ping_status":"open","sticky":false,"template":"","format":"standard","meta":{"beyondwords_generate_audio":"","beyondwords_project_id":"","beyondwords_podcast_id":"","beyondwords_hash":"","beyondwords_error_message":"","beyondwords_disabled":"","publish_post_to_speechkit":"","speechkit_generate_audio":"","speechkit_project_id":"","speechkit_podcast_id":"","speechkit_hash":"","speechkit_error_message":"","speechkit_disabled":"","speechkit_access_key":"","speechkit_error":"","speechkit_info":"","speechkit_response":"","speechkit_retries":"","_speechkit_link":"","_speechkit_text":""},"categories":[51,78,81],"tags":[70,251,149,122,44,72,244,8392,11756,135,52,314,473],"jetpack_featured_media_url":"https:\/\/pinews.com.br\/wp-content\/uploads\/2023\/08\/whatsapp-image-2023-08-22-at-08.26.35.jpeg","_links":{"self":[{"href":"https:\/\/pinews.com.br\/index.php\/wp-json\/wp\/v2\/posts\/52390"}],"collection":[{"href":"https:\/\/pinews.com.br\/index.php\/wp-json\/wp\/v2\/posts"}],"about":[{"href":"https:\/\/pinews.com.br\/index.php\/wp-json\/wp\/v2\/types\/post"}],"author":[{"embeddable":true,"href":"https:\/\/pinews.com.br\/index.php\/wp-json\/wp\/v2\/users\/4"}],"replies":[{"embeddable":true,"href":"https:\/\/pinews.com.br\/index.php\/wp-json\/wp\/v2\/comments?post=52390"}],"version-history":[{"count":1,"href":"https:\/\/pinews.com.br\/index.php\/wp-json\/wp\/v2\/posts\/52390\/revisions"}],"predecessor-version":[{"id":52392,"href":"https:\/\/pinews.com.br\/index.php\/wp-json\/wp\/v2\/posts\/52390\/revisions\/52392"}],"wp:featuredmedia":[{"embeddable":true,"href":"https:\/\/pinews.com.br\/index.php\/wp-json\/wp\/v2\/media\/52391"}],"wp:attachment":[{"href":"https:\/\/pinews.com.br\/index.php\/wp-json\/wp\/v2\/media?parent=52390"}],"wp:term":[{"taxonomy":"category","embeddable":true,"href":"https:\/\/pinews.com.br\/index.php\/wp-json\/wp\/v2\/categories?post=52390"},{"taxonomy":"post_tag","embeddable":true,"href":"https:\/\/pinews.com.br\/index.php\/wp-json\/wp\/v2\/tags?post=52390"}],"curies":[{"name":"wp","href":"https:\/\/api.w.org\/{rel}","templated":true}]}}