{"id":52426,"date":"2023-08-23T20:34:16","date_gmt":"2023-08-23T23:34:16","guid":{"rendered":"https:\/\/pinews.com.br\/?p=52426"},"modified":"2023-08-23T20:34:18","modified_gmt":"2023-08-23T23:34:18","slug":"escola-fica-cercada-por-fogo-durante-incendio-que-ameaca-parque-da-serra-das-confusoes-maior-area-de-preservacao-da-caatinga","status":"publish","type":"post","link":"https:\/\/pinews.com.br\/index.php\/2023\/08\/23\/escola-fica-cercada-por-fogo-durante-incendio-que-ameaca-parque-da-serra-das-confusoes-maior-area-de-preservacao-da-caatinga\/","title":{"rendered":"Escola fica cercada por fogo durante inc\u00eandio que amea\u00e7a Parque da Serra das Confus\u00f5es, maior \u00e1rea de preserva\u00e7\u00e3o da caatinga"},"content":{"rendered":"\n<p>A Unidade Escolar L\u00facia Maria Oliveira, no Assentamento Santa Clara, ficou cercada pelo fogo na tarde desta quarta-feira (23) durante o inc\u00eandio que atinge h\u00e1 cinco dias a cidade de\u00a0Canto do Buriti, Sul do Piau\u00ed.\u00a0As chamas amea\u00e7am o Parque da Serra das Confus\u00f5es, maior \u00e1rea de preserva\u00e7\u00e3o de caatinga do planeta.<\/p>\n\n\n\n<p>V\u00eddeos feitos pela diretora e professores mostram o fogo a pouco metros da escola. O assentamento fica a 65 km do Centro da zona urbana da cidade.<\/p>\n\n\n\n<p>&#8220;Estamos com carro-pipa e sofrendo para tirar os \u00f4nibus para retirar os alunos daqui&#8221;, declarou a diretora.<\/p>\n\n\n\n<p>Os alunos foram retirados por volta das 18h30 da escola, mas\u00a0devido ao inc\u00eandio as aulas foram suspensas por tempo indeterminado.\u00a0O professor Ricardo Macedo explicou que a unidade funciona pela manh\u00e3 e tarde como Escolinha Santa Clara para crian\u00e7as do ensino fundamental e no turno da noite como Unidade Escolar L\u00facia Maria Oliveira, atendendo jovens e adultos.<\/p>\n\n\n\n<p>O Corpo de Bombeiros e o helic\u00f3ptero da Pol\u00edcia Militar ajudam no combate ao inc\u00eandio, que j\u00e1 destruiu mais de 7 mil hectares.<\/p>\n\n\n\n<p>Segundo a Secretaria Estadual de Meio Ambiente e Recursos H\u00eddricos do Piau\u00ed (Semarh), existe a suspeita que o inc\u00eandio iniciou a partir de uma briga entre produtores rurais da regi\u00e3o.\u00a0O caso foi repassado para a Pol\u00edcia Civil, que investiga a a\u00e7\u00e3o.<\/p>\n\n\n\n<h2>Parque Nacional da Serra das Confus\u00f5es<\/h2>\n\n\n\n<figure class=\"wp-block-image\"><img decoding=\"async\" src=\"https:\/\/s2-g1.glbimg.com\/FWBF-DKjI7KEg6WFPwybNM0QJrM=\/0x0:6000x4000\/984x0\/smart\/filters:strip_icc()\/i.s3.glbimg.com\/v1\/AUTH_59edd422c0c84a879bd37670ae4f538a\/internal_photos\/bs\/2023\/4\/u\/B2Nyq0QDSq1osn1oeJpQ\/img-2875.jpg\" alt=\"Parque Nacional da Serra das Confus\u00f5es, no Piau\u00ed \u2014 Foto:  Andr\u00ea Nascimento\/ g1 Piau\u00ed\"\/><figcaption class=\"wp-element-caption\">Parque Nacional da Serra das Confus\u00f5es, no Piau\u00ed \u2014 Foto: Andr\u00ea Nascimento\/ g1 Piau\u00ed<\/figcaption><\/figure>\n\n\n\n<p>O Parque Nacional da Serra das Confus\u00f5es foi criado em 1998, e \u00e9 administrado pelo Instituto Chico Mendes de Conserva\u00e7\u00e3o da Biodiversidade (ICMBio). \u00c9 o maior parque do Piau\u00ed e da regi\u00e3o Nordeste do Brasil, com mais 823 mil hectares, dos quais apenas 3% foram explorados.<\/p>\n\n\n\n<p>A Serra das Confus\u00f5es guarda vest\u00edgios dos primeiros homens das Am\u00e9ricas. A ocupa\u00e7\u00e3o mais antiga seria de 8 mil anos. A mais recente, por volta de 3,6 mil anos.<\/p>\n\n\n\n<p>O parque abrange terras de sete munic\u00edpios: Jurema, Tamboril do Piau\u00ed,\u00a0Canto do Buriti, Alvorada do Gurgu\u00e9ia, Cristino Castro, Bom Jesus e Guaribas.<\/p>\n\n\n\n<h2>Canal de atendimento<\/h2>\n\n\n\n<p>A secretaria disponibilizou um\u00a0canal de atendimento para casos de inc\u00eandios florestais descontrolados e fogo criminoso. Segundo D\u00eanio Marinho, diretor de fiscaliza\u00e7\u00e3o da Semarh, o canal foi lan\u00e7ado para um controle dos grandes focos de inc\u00eandios &#8211; comuns nessa \u00e9poca do ano &#8211; e para conter as\u00a0a\u00e7\u00f5es criminosas que chegam a 90%.<\/p>\n\n\n\n<blockquote class=\"wp-block-quote\">\n<p>&#8220;N\u00f3s temos dados estat\u00edsticos que 90% dos focos de inc\u00eandio, todos s\u00e3o causados pela a\u00e7\u00e3o humana e n\u00f3s estamos padecendo muito, principalmente na regi\u00e3o sul do estado&#8221;, afirmou.<\/p>\n<\/blockquote>\n\n\n\n<p><strong>Em caso de den\u00fancias, o canal disponibilizado pela Semarh \u00e9: (86) 9 9421-6693<\/strong><\/p>\n\n\n\n<p><strong>Fonte: G1 PI <\/strong><\/p>\n","protected":false},"excerpt":{"rendered":"<p>A Unidade Escolar L\u00facia Maria Oliveira, no Assentamento Santa Clara, ficou cercada pelo fogo na tarde desta quarta-feira (23) durante o inc\u00eandio que atinge h\u00e1 cinco dias a cidade de\u00a0Canto do Buriti, Sul do Piau\u00ed.\u00a0As chamas amea\u00e7am o Parque da Serra das Confus\u00f5es, maior \u00e1rea de preserva\u00e7\u00e3o de caatinga do planeta. V\u00eddeos feitos pela diretora [&hellip;]<\/p>\n","protected":false},"author":1,"featured_media":52427,"comment_status":"open","ping_status":"open","sticky":false,"template":"","format":"standard","meta":{"beyondwords_generate_audio":"","beyondwords_project_id":"","beyondwords_podcast_id":"","beyondwords_hash":"","beyondwords_error_message":"","beyondwords_disabled":"","publish_post_to_speechkit":"","speechkit_generate_audio":"","speechkit_project_id":"","speechkit_podcast_id":"","speechkit_hash":"","speechkit_error_message":"","speechkit_disabled":"","speechkit_access_key":"","speechkit_error":"","speechkit_info":"","speechkit_response":"","speechkit_retries":"","_speechkit_link":"","_speechkit_text":""},"categories":[51],"tags":[5932,622,11763,11762,9077,122,888,44,45,1425,160,1675,547,1152,1410,59,5933,5954],"jetpack_featured_media_url":"https:\/\/pinews.com.br\/wp-content\/uploads\/2023\/08\/incendio-3.jpg","_links":{"self":[{"href":"https:\/\/pinews.com.br\/index.php\/wp-json\/wp\/v2\/posts\/52426"}],"collection":[{"href":"https:\/\/pinews.com.br\/index.php\/wp-json\/wp\/v2\/posts"}],"about":[{"href":"https:\/\/pinews.com.br\/index.php\/wp-json\/wp\/v2\/types\/post"}],"author":[{"embeddable":true,"href":"https:\/\/pinews.com.br\/index.php\/wp-json\/wp\/v2\/users\/1"}],"replies":[{"embeddable":true,"href":"https:\/\/pinews.com.br\/index.php\/wp-json\/wp\/v2\/comments?post=52426"}],"version-history":[{"count":1,"href":"https:\/\/pinews.com.br\/index.php\/wp-json\/wp\/v2\/posts\/52426\/revisions"}],"predecessor-version":[{"id":52428,"href":"https:\/\/pinews.com.br\/index.php\/wp-json\/wp\/v2\/posts\/52426\/revisions\/52428"}],"wp:featuredmedia":[{"embeddable":true,"href":"https:\/\/pinews.com.br\/index.php\/wp-json\/wp\/v2\/media\/52427"}],"wp:attachment":[{"href":"https:\/\/pinews.com.br\/index.php\/wp-json\/wp\/v2\/media?parent=52426"}],"wp:term":[{"taxonomy":"category","embeddable":true,"href":"https:\/\/pinews.com.br\/index.php\/wp-json\/wp\/v2\/categories?post=52426"},{"taxonomy":"post_tag","embeddable":true,"href":"https:\/\/pinews.com.br\/index.php\/wp-json\/wp\/v2\/tags?post=52426"}],"curies":[{"name":"wp","href":"https:\/\/api.w.org\/{rel}","templated":true}]}}