{"id":52441,"date":"2023-08-24T11:08:11","date_gmt":"2023-08-24T14:08:11","guid":{"rendered":"https:\/\/pinews.com.br\/?p=52441"},"modified":"2023-08-24T11:08:14","modified_gmt":"2023-08-24T14:08:14","slug":"porteiro-do-colegio-da-pm-pi-morre-atropelado-por-picape-apos-cair-de-bicicleta-no-piaui","status":"publish","type":"post","link":"https:\/\/pinews.com.br\/index.php\/2023\/08\/24\/porteiro-do-colegio-da-pm-pi-morre-atropelado-por-picape-apos-cair-de-bicicleta-no-piaui\/","title":{"rendered":"Porteiro do col\u00e9gio da PM-PI morre atropelado por picape ap\u00f3s cair de bicicleta no Piau\u00ed"},"content":{"rendered":"\n<p>Luiz Alves da Silva, de 63 anos, morreu atropelado por uma picape modelo Hilux na tarde de quarta-feira (23) na BR 343, em\u00a0Teresina. Segundo a Pol\u00edcia Rodovi\u00e1ria Federal (PRF), o ciclista teria ca\u00eddo da bicicleta ao atravessar a via.<\/p>\n\n\n\n<p>O idoso era agente de portaria do Col\u00e9gio da Pol\u00edcia Militar do Piau\u00ed, Centro Estadual de Tempo Integral Dirceu Mendes (CETI Dirceu Mendes). De acordo com a escola, ele estava indo para um s\u00edtio pr\u00f3ximo ao local do acidente.<\/p>\n\n\n\n<p>O motorista, de 29 anos, n\u00e3o teve ferimentos. A pol\u00edcia realizou o teste de alcoolemia nele, mas o resultado deu negativo para o consumo de \u00e1lcool.<\/p>\n\n\n\n<figure class=\"wp-block-image\"><img decoding=\"async\" src=\"https:\/\/s2-g1.glbimg.com\/c2SLbM61pchPOvJn-0sfAstuEH4=\/0x0:1920x1080\/984x0\/smart\/filters:strip_icc()\/i.s3.glbimg.com\/v1\/AUTH_59edd422c0c84a879bd37670ae4f538a\/internal_photos\/bs\/2023\/M\/m\/mnZ3ErSfqx8thAidwTxg\/design-sem-nome-2-.jpg\" alt=\"Idoso morre atropelado por picape na BR 343 ap\u00f3s cair de bicicleta em Teresina \u2014 Foto: Reprodu\u00e7\u00e3o\"\/><figcaption class=\"wp-element-caption\">Idoso morre atropelado por picape na BR 343 ap\u00f3s cair de bicicleta em Teresina \u2014 Foto: Reprodu\u00e7\u00e3o<\/figcaption><\/figure>\n\n\n\n<p>A per\u00edcia realizou os procedimentos cab\u00edveis e o Instituto de Medicina Legal (IML) fez a remo\u00e7\u00e3o do corpo.<\/p>\n\n\n\n<h2>Campanha<\/h2>\n\n\n\n<p>Por meio de nota, o col\u00e9gio da PM lamentou a perda do querido funcion\u00e1rio e a gestora do CETI, major Elis Regina, iniciou uma campanha na institui\u00e7\u00e3o para arrecadar fundos para realizar o \u00faltimo desejo do agente de portaria.<\/p>\n\n\n\n<p>Segundo a major, Luiz Alves n\u00e3o tinha plano funer\u00e1rio e precisa de doa\u00e7\u00f5es para a aquisi\u00e7\u00e3o de um caix\u00e3o e translado para a cidade de\u00a0Barras, para ser enterrado ao lado de seu pai, no cemit\u00e9rio da cidade, como queria.<\/p>\n\n\n\n<p><strong>Leia a nota na \u00edntegra<\/strong><\/p>\n\n\n\n<p><em>\u00c9 com tristeza em nossos cora\u00e7\u00f5es que o Col\u00e9gio da Pl\u00edcia Militar do Piau\u00ed (do CETI Dirceu Mendes) comunica o falecimento do nosso agente de portaria Sr. Luiz Alves da Silva.<\/em><\/p>\n\n\n\n<p><em>Nos despedimos de uma pessoa e um trabalhador excelente que contribuiu com o avan\u00e7o de nossa escola. Respeitado e respeituoso, Sr. Luiz Alves da Silva sempre ser\u00e1 lembrado pela equipe CPM. Sua partida deixou um legado de carinho e amizades.<\/em><\/p>\n\n\n\n<figure class=\"wp-block-image\"><img decoding=\"async\" src=\"https:\/\/s2-g1.glbimg.com\/AMHgr4cLGweBCx9nB76b5_Lrdgs=\/0x0:1242x1216\/984x0\/smart\/filters:strip_icc()\/i.s3.glbimg.com\/v1\/AUTH_59edd422c0c84a879bd37670ae4f538a\/internal_photos\/bs\/2023\/N\/2\/NdH6WPQk6AtpQcg0iOSw\/whatsapp-image-2023-08-24-at-09.45.30.jpeg\" alt=\"Porteiro do col\u00e9gio da PM-PI morre atropelado por picape ap\u00f3s cair de bicicleta na BR-343, em Teresina \u2014 Foto: Reprodu\u00e7\u00e3o\"\/><figcaption class=\"wp-element-caption\">Porteiro do col\u00e9gio da PM-PI morre atropelado por picape ap\u00f3s cair de bicicleta na BR-343, em Teresina \u2014 Foto: Reprodu\u00e7\u00e3o<\/figcaption><\/figure>\n\n\n\n<p><strong>Fonte: G1 PI <\/strong><\/p>\n","protected":false},"excerpt":{"rendered":"<p>Luiz Alves da Silva, de 63 anos, morreu atropelado por uma picape modelo Hilux na tarde de quarta-feira (23) na BR 343, em\u00a0Teresina. Segundo a Pol\u00edcia Rodovi\u00e1ria Federal (PRF), o ciclista teria ca\u00eddo da bicicleta ao atravessar a via. O idoso era agente de portaria do Col\u00e9gio da Pol\u00edcia Militar do Piau\u00ed, Centro Estadual de [&hellip;]<\/p>\n","protected":false},"author":4,"featured_media":52442,"comment_status":"open","ping_status":"open","sticky":false,"template":"","format":"standard","meta":{"beyondwords_generate_audio":"1","beyondwords_project_id":"","beyondwords_podcast_id":"","beyondwords_hash":"","beyondwords_error_message":"","beyondwords_disabled":"","publish_post_to_speechkit":"","speechkit_generate_audio":"","speechkit_project_id":"","speechkit_podcast_id":"","speechkit_hash":"","speechkit_error_message":"","speechkit_disabled":"","speechkit_access_key":"","speechkit_error":"","speechkit_info":"","speechkit_response":"","speechkit_retries":"","_speechkit_link":"","_speechkit_text":""},"categories":[51,81],"tags":[70,61,1950,353,7741,122,44,119,52,1965,6066,59,10749],"jetpack_featured_media_url":"https:\/\/pinews.com.br\/wp-content\/uploads\/2023\/08\/whatsapp-image-2023-08-24-at-10.09.17.jpeg","_links":{"self":[{"href":"https:\/\/pinews.com.br\/index.php\/wp-json\/wp\/v2\/posts\/52441"}],"collection":[{"href":"https:\/\/pinews.com.br\/index.php\/wp-json\/wp\/v2\/posts"}],"about":[{"href":"https:\/\/pinews.com.br\/index.php\/wp-json\/wp\/v2\/types\/post"}],"author":[{"embeddable":true,"href":"https:\/\/pinews.com.br\/index.php\/wp-json\/wp\/v2\/users\/4"}],"replies":[{"embeddable":true,"href":"https:\/\/pinews.com.br\/index.php\/wp-json\/wp\/v2\/comments?post=52441"}],"version-history":[{"count":1,"href":"https:\/\/pinews.com.br\/index.php\/wp-json\/wp\/v2\/posts\/52441\/revisions"}],"predecessor-version":[{"id":52443,"href":"https:\/\/pinews.com.br\/index.php\/wp-json\/wp\/v2\/posts\/52441\/revisions\/52443"}],"wp:featuredmedia":[{"embeddable":true,"href":"https:\/\/pinews.com.br\/index.php\/wp-json\/wp\/v2\/media\/52442"}],"wp:attachment":[{"href":"https:\/\/pinews.com.br\/index.php\/wp-json\/wp\/v2\/media?parent=52441"}],"wp:term":[{"taxonomy":"category","embeddable":true,"href":"https:\/\/pinews.com.br\/index.php\/wp-json\/wp\/v2\/categories?post=52441"},{"taxonomy":"post_tag","embeddable":true,"href":"https:\/\/pinews.com.br\/index.php\/wp-json\/wp\/v2\/tags?post=52441"}],"curies":[{"name":"wp","href":"https:\/\/api.w.org\/{rel}","templated":true}]}}