{"id":52469,"date":"2023-08-25T11:07:30","date_gmt":"2023-08-25T14:07:30","guid":{"rendered":"https:\/\/pinews.com.br\/?p=52469"},"modified":"2023-08-25T11:07:31","modified_gmt":"2023-08-25T14:07:31","slug":"ex-prefeito-escapa-de-incendio-apos-colidir-carro-em-vaca-no-piaui-foi-um-livramento-de-deus","status":"publish","type":"post","link":"https:\/\/pinews.com.br\/index.php\/2023\/08\/25\/ex-prefeito-escapa-de-incendio-apos-colidir-carro-em-vaca-no-piaui-foi-um-livramento-de-deus\/","title":{"rendered":"Ex-Prefeito escapa de inc\u00eandio ap\u00f3s colidir carro em vaca no Piau\u00ed: &#8220;foi um livramento de Deus&#8221;"},"content":{"rendered":"\n<p>Na manh\u00e3 desta quinta-feira (24\/08), Reidan Kleber, ex-prefeito de Curimat\u00e1 e atual vereador, teve um acidente na PI-256, que conecta Curimat\u00e1 e Morro Cabe\u00e7a do Tempo, no Sul do Piau\u00ed. O caso ocorreu quando ele colidiu com uma vaca, resultando em uma s\u00e9rie de acontecimentos. A v\u00edtima do acidente&nbsp;ao perder o controle do ve\u00edculo chocou-se contra algumas pedras, o que fez com que o carro entrasse em chamas.<\/p>\n\n\n\n<p>Reidan Kleber explicou o acidente, detalhando: &#8220;Por volta das 10 horas da manh\u00e3, sofri um acidente. Colidi com uma vaca e perdi o controle do ve\u00edculo, o que me fez chocar contra algumas pedras e, como consequ\u00eancia, o carro pegou fogo. Tive a sorte de conseguir sair do carro a tempo. Foi um verdadeiro livramento, algo que considero como um novo anivers\u00e1rio, gra\u00e7as a Deus&#8221;.<\/p>\n\n\n\n<p>O vereador descreveu a colis\u00e3o como impactante e comparou a experi\u00eancia a um renascimento, dada a magnitude do impacto. Ap\u00f3s o acidente, Reidan Kleber recebeu assist\u00eancia do Servi\u00e7o de Atendimento M\u00f3vel de Urg\u00eancia (SAMU) e foi levado ao hospital. L\u00e1, relatou que, apesar da gravidade do incidente, n\u00e3o sofreu fraturas, mas est\u00e1 com dores na coluna vertebral.<\/p>\n\n\n\n<p><strong>Fonte: 180 graus<\/strong><\/p>\n","protected":false},"excerpt":{"rendered":"<p>Na manh\u00e3 desta quinta-feira (24\/08), Reidan Kleber, ex-prefeito de Curimat\u00e1 e atual vereador, teve um acidente na PI-256, que conecta Curimat\u00e1 e Morro Cabe\u00e7a do Tempo, no Sul do Piau\u00ed. O caso ocorreu quando ele colidiu com uma vaca, resultando em uma s\u00e9rie de acontecimentos. A v\u00edtima do acidente&nbsp;ao perder o controle do ve\u00edculo chocou-se [&hellip;]<\/p>\n","protected":false},"author":4,"featured_media":52470,"comment_status":"open","ping_status":"open","sticky":false,"template":"","format":"standard","meta":{"beyondwords_generate_audio":"","beyondwords_project_id":"","beyondwords_podcast_id":"","beyondwords_hash":"","beyondwords_error_message":"","beyondwords_disabled":"","publish_post_to_speechkit":"","speechkit_generate_audio":"","speechkit_project_id":"","speechkit_podcast_id":"","speechkit_hash":"","speechkit_error_message":"","speechkit_disabled":"","speechkit_access_key":"","speechkit_error":"","speechkit_info":"","speechkit_response":"","speechkit_retries":"","_speechkit_link":"","_speechkit_text":""},"categories":[51],"tags":[70,62,300,44,7706,46,6838,5315,1066,547,11774,52,436,297],"jetpack_featured_media_url":"https:\/\/pinews.com.br\/wp-content\/uploads\/2023\/08\/IMG_20230825_110631.jpg","_links":{"self":[{"href":"https:\/\/pinews.com.br\/index.php\/wp-json\/wp\/v2\/posts\/52469"}],"collection":[{"href":"https:\/\/pinews.com.br\/index.php\/wp-json\/wp\/v2\/posts"}],"about":[{"href":"https:\/\/pinews.com.br\/index.php\/wp-json\/wp\/v2\/types\/post"}],"author":[{"embeddable":true,"href":"https:\/\/pinews.com.br\/index.php\/wp-json\/wp\/v2\/users\/4"}],"replies":[{"embeddable":true,"href":"https:\/\/pinews.com.br\/index.php\/wp-json\/wp\/v2\/comments?post=52469"}],"version-history":[{"count":1,"href":"https:\/\/pinews.com.br\/index.php\/wp-json\/wp\/v2\/posts\/52469\/revisions"}],"predecessor-version":[{"id":52471,"href":"https:\/\/pinews.com.br\/index.php\/wp-json\/wp\/v2\/posts\/52469\/revisions\/52471"}],"wp:featuredmedia":[{"embeddable":true,"href":"https:\/\/pinews.com.br\/index.php\/wp-json\/wp\/v2\/media\/52470"}],"wp:attachment":[{"href":"https:\/\/pinews.com.br\/index.php\/wp-json\/wp\/v2\/media?parent=52469"}],"wp:term":[{"taxonomy":"category","embeddable":true,"href":"https:\/\/pinews.com.br\/index.php\/wp-json\/wp\/v2\/categories?post=52469"},{"taxonomy":"post_tag","embeddable":true,"href":"https:\/\/pinews.com.br\/index.php\/wp-json\/wp\/v2\/tags?post=52469"}],"curies":[{"name":"wp","href":"https:\/\/api.w.org\/{rel}","templated":true}]}}