{"id":52478,"date":"2023-08-25T20:15:57","date_gmt":"2023-08-25T23:15:57","guid":{"rendered":"https:\/\/pinews.com.br\/?p=52478"},"modified":"2023-08-25T20:16:00","modified_gmt":"2023-08-25T23:16:00","slug":"cabeleireiro-morre-apos-se-envolver-em-briga-de-transito-ser-atingido-por-golpe-de-faca-e-atropelar-ciclista-no-piaui","status":"publish","type":"post","link":"https:\/\/pinews.com.br\/index.php\/2023\/08\/25\/cabeleireiro-morre-apos-se-envolver-em-briga-de-transito-ser-atingido-por-golpe-de-faca-e-atropelar-ciclista-no-piaui\/","title":{"rendered":"Cabeleireiro morre ap\u00f3s se envolver em briga de tr\u00e2nsito, ser atingido por golpe de faca e atropelar ciclista\u00a0no Piau\u00ed"},"content":{"rendered":"\n<p>O cabeleireiro Francisco Wilame Sousa Galeno foi morto a facadas ap\u00f3s se envolver em uma briga de tr\u00e2nsito na tarde desta sexta-feira (25), no munic\u00edpio de\u00a0Parna\u00edba, Litoral do Piau\u00ed. O suspeito do crime, um ciclista, foi preso.<\/p>\n\n\n\n<p>Ao\u00a0g1, a Pol\u00edcia Militar do Piau\u00ed informou que o cabeleireiro estava em um carro quando discutiu com o ciclista na Rua Tr\u00eas de Maio, no bairro Piau\u00ed. O suspeito teria dado um golpe de faca em Francisco Wilame.<\/p>\n\n\n\n<p>A v\u00edtima, ent\u00e3o, perseguiu o ciclista e o atropelou. Em seguida, o cabeleireiro se dirigiu ao hospital para receber atendimento m\u00e9dico, contudo, ele n\u00e3o resistiu e faleceu na Rua Anhanguera.<\/p>\n\n\n\n<p>O ciclista foi preso minutos depois do crime e encaminhado \u00e0 Central de Flagrantes de\u00a0Parna\u00edba.<\/p>\n\n\n\n<p><strong>Fonte: G1 PI <\/strong><\/p>\n","protected":false},"excerpt":{"rendered":"<p>O cabeleireiro Francisco Wilame Sousa Galeno foi morto a facadas ap\u00f3s se envolver em uma briga de tr\u00e2nsito na tarde desta sexta-feira (25), no munic\u00edpio de\u00a0Parna\u00edba, Litoral do Piau\u00ed. O suspeito do crime, um ciclista, foi preso. Ao\u00a0g1, a Pol\u00edcia Militar do Piau\u00ed informou que o cabeleireiro estava em um carro quando discutiu com o [&hellip;]<\/p>\n","protected":false},"author":4,"featured_media":52479,"comment_status":"open","ping_status":"open","sticky":false,"template":"","format":"standard","meta":{"beyondwords_generate_audio":"","beyondwords_project_id":"","beyondwords_podcast_id":"","beyondwords_hash":"","beyondwords_error_message":"","beyondwords_disabled":"","publish_post_to_speechkit":"","speechkit_generate_audio":"","speechkit_project_id":"","speechkit_podcast_id":"","speechkit_hash":"","speechkit_error_message":"","speechkit_disabled":"","speechkit_access_key":"","speechkit_error":"","speechkit_info":"","speechkit_response":"","speechkit_retries":"","_speechkit_link":"","_speechkit_text":""},"categories":[51,78],"tags":[70,327,637,251,10585,11778,44,46,1129,247,330,119,52,59,129,139,233],"jetpack_featured_media_url":"https:\/\/pinews.com.br\/wp-content\/uploads\/2023\/08\/parnaiba.jpg","_links":{"self":[{"href":"https:\/\/pinews.com.br\/index.php\/wp-json\/wp\/v2\/posts\/52478"}],"collection":[{"href":"https:\/\/pinews.com.br\/index.php\/wp-json\/wp\/v2\/posts"}],"about":[{"href":"https:\/\/pinews.com.br\/index.php\/wp-json\/wp\/v2\/types\/post"}],"author":[{"embeddable":true,"href":"https:\/\/pinews.com.br\/index.php\/wp-json\/wp\/v2\/users\/4"}],"replies":[{"embeddable":true,"href":"https:\/\/pinews.com.br\/index.php\/wp-json\/wp\/v2\/comments?post=52478"}],"version-history":[{"count":1,"href":"https:\/\/pinews.com.br\/index.php\/wp-json\/wp\/v2\/posts\/52478\/revisions"}],"predecessor-version":[{"id":52480,"href":"https:\/\/pinews.com.br\/index.php\/wp-json\/wp\/v2\/posts\/52478\/revisions\/52480"}],"wp:featuredmedia":[{"embeddable":true,"href":"https:\/\/pinews.com.br\/index.php\/wp-json\/wp\/v2\/media\/52479"}],"wp:attachment":[{"href":"https:\/\/pinews.com.br\/index.php\/wp-json\/wp\/v2\/media?parent=52478"}],"wp:term":[{"taxonomy":"category","embeddable":true,"href":"https:\/\/pinews.com.br\/index.php\/wp-json\/wp\/v2\/categories?post=52478"},{"taxonomy":"post_tag","embeddable":true,"href":"https:\/\/pinews.com.br\/index.php\/wp-json\/wp\/v2\/tags?post=52478"}],"curies":[{"name":"wp","href":"https:\/\/api.w.org\/{rel}","templated":true}]}}