{"id":52535,"date":"2023-08-27T18:18:08","date_gmt":"2023-08-27T21:18:08","guid":{"rendered":"https:\/\/pinews.com.br\/?p=52535"},"modified":"2023-08-27T18:18:11","modified_gmt":"2023-08-27T21:18:11","slug":"ex-presidiario-e-assassinado-com-7-facadas-apos-sair-de-bar-no-litoral-do-piaui","status":"publish","type":"post","link":"https:\/\/pinews.com.br\/index.php\/2023\/08\/27\/ex-presidiario-e-assassinado-com-7-facadas-apos-sair-de-bar-no-litoral-do-piaui\/","title":{"rendered":"Ex-presidi\u00e1rio \u00e9 assassinado com 7 facadas ap\u00f3s sair de bar no Litoral do Piau\u00ed"},"content":{"rendered":"\n<p>Um\u00a0ex-presidi\u00e1rio foi encontrado morto, na manh\u00e3 deste domingo (27),\u00a0com ao menos sete sinais de perfura\u00e7\u00f5es de faca, em uma \u00e1rea de mata na cidade de Ilha Grande, no Litoral do Piau\u00ed. O\u00a0<a rel=\"noreferrer noopener\" href=\"https:\/\/www.meionorte.com\/\" target=\"_blank\"><strong><em>Meionorte.com<\/em><\/strong><\/a>\u00a0apurou que\u00a0tr\u00eas pessoas foram presas, sendo que uma delas estava com a v\u00edtima na noite anterior\u00a0bebendo em um bar.<\/p>\n\n\n\n<p>\u00c0 reportagem, o subcomandante do 2\u00ba Batalh\u00e3o de Pol\u00edcia Militar do Piau\u00ed,\u00a0Major Bernardo, relatou que a v\u00edtima, identificada como\u00a0M\u00e1rcio Fran\u00e7a Araujo Rodrigues, foi morta com v\u00e1rias facadas na m\u00e3o e no abd\u00f4men, e teve seu corpo arrastado\u00a0a uma dist\u00e2ncia de 50 metros da regi\u00e3o, deixando uma trilha de sangue, seguida por populares.<\/p>\n\n\n\n<blockquote class=\"wp-block-quote\">\n<p>\u201cEsse indiv\u00edduo [M\u00e1rcio Fran\u00e7a] passou a noite bebendo com outras pessoas. Pela manh\u00e3 ele foi encontrado mais ou menos j\u00e1 por volta das 5h30. Ele foi localizado por populares, e aparentemente foi assassinado em um local e levaram corpo mais ou menos uns 30 metros ou 50 metros de onde foi morto, tanto que tinha rastro de sangue\u201d, explica o Major Bernardo.<\/p>\n<\/blockquote>\n\n\n\n<p>O subcomandante ainda relatou que populares acionaram a Pol\u00edcia Militar, que estiveram no local e notificaram a Per\u00edcia Criminal,\u00a0a qual constatou 7 perfura\u00e7\u00f5es no corpo da v\u00edtima.\u00a0O Major Bernardo ainda mencionou\u00a0uma poss\u00edvel a\u00e7\u00e3o de defesa de M\u00e1rcio Fran\u00e7a, j\u00e1 que em sua m\u00e3o havia marcas de facadas.\u00a0<\/p>\n\n\n\n<p>Ao\u00a0<a rel=\"noreferrer noopener\" href=\"https:\/\/www.meionorte.com\/\" target=\"_blank\"><strong><em>Meionorte.com<\/em><\/strong><\/a>, o Major Bernardo afirmou ainda que dado as dilig\u00eancias,\u00a0foi poss\u00edvel identificar tr\u00eas suspeitos pelo crime.\u00a0Sendo um maior de idade, por nome de\u00a0Jo\u00e3o Victor Ces\u00e1rio de Souza, que j\u00e1 foi preso por tr\u00e1fico de drogas, e que estava com a v\u00edtima na noite anterior,\u00a0e mais dois menores,\u00a0que tiveram seus nomes preservados.\u00a0<\/p>\n\n\n\n<blockquote class=\"wp-block-quote\">\n<p>\u201cA gente conseguiu localizar 3 suspeitos, dois menores e um maior de idade, e essa pessoa que est\u00e1 sendo acusada [Victor Ces\u00e1rio] saiu com ele da pra\u00e7a onde eles estavam bebendo, e na madrugada de hoje, ningu\u00e9m conseguiu localizar a v\u00edtima. Na manh\u00e3 deste domingo, foi que tivemos &nbsp;o conhecimento que eles andavam juntos, e fomos atr\u00e1s. Ele estava com mais duas pessoas [menores de idade], e realizamos a pris\u00e3o\u201d, compelta o Major Bernardo.<\/p>\n<\/blockquote>\n\n\n\n<p>Victor Ces\u00e1rio, que estava com a v\u00edtima, tamb\u00e9m pertence a uma fac\u00e7\u00e3o criminosa, segundo explicou o subcomandante. No momento da pris\u00e3o, os suspeitos estavam em uma casa pr\u00f3xima \u00e0 cena do crime e em posse de algumas trouxas de drogas.\u00a0<\/p>\n\n\n\n<p>O caso deve ser investigado pela Pol\u00edcia Civil a fim de entender as motiva\u00e7\u00f5es e reais causas do crime, e conclus\u00f5es sobre os autores do assassinato de M\u00e1rcio Fran\u00e7a Araujo Rodrigues. O IML- Instituto M\u00e9dico Legal de Parna\u00edba foi acionado para fazer a remo\u00e7\u00e3o do corpo.\u00a0<\/p>\n\n\n\n<p><strong>Fonte: Meio Norte <\/strong><\/p>\n","protected":false},"excerpt":{"rendered":"<p>Um\u00a0ex-presidi\u00e1rio foi encontrado morto, na manh\u00e3 deste domingo (27),\u00a0com ao menos sete sinais de perfura\u00e7\u00f5es de faca, em uma \u00e1rea de mata na cidade de Ilha Grande, no Litoral do Piau\u00ed. O\u00a0Meionorte.com\u00a0apurou que\u00a0tr\u00eas pessoas foram presas, sendo que uma delas estava com a v\u00edtima na noite anterior\u00a0bebendo em um bar. \u00c0 reportagem, o subcomandante do [&hellip;]<\/p>\n","protected":false},"author":4,"featured_media":52536,"comment_status":"open","ping_status":"open","sticky":false,"template":"","format":"standard","meta":{"beyondwords_generate_audio":"1","beyondwords_project_id":"","beyondwords_podcast_id":"","beyondwords_hash":"","beyondwords_error_message":"","beyondwords_disabled":"","publish_post_to_speechkit":"","speechkit_generate_audio":"","speechkit_project_id":"","speechkit_podcast_id":"","speechkit_hash":"","speechkit_error_message":"","speechkit_disabled":"","speechkit_access_key":"","speechkit_error":"","speechkit_info":"","speechkit_response":"","speechkit_retries":"","_speechkit_link":"","_speechkit_text":""},"categories":[51,78],"tags":[70,364,1165,44,72,6935,479,202,52,5548],"jetpack_featured_media_url":"https:\/\/pinews.com.br\/wp-content\/uploads\/2023\/08\/ex-presidiario-e-assassinado-com-7-facadas-apos-sair-de-bar-no-litoral-do-piaui-23c12435-2316-4d2f-b0f3-a45078d66c70.jpg","_links":{"self":[{"href":"https:\/\/pinews.com.br\/index.php\/wp-json\/wp\/v2\/posts\/52535"}],"collection":[{"href":"https:\/\/pinews.com.br\/index.php\/wp-json\/wp\/v2\/posts"}],"about":[{"href":"https:\/\/pinews.com.br\/index.php\/wp-json\/wp\/v2\/types\/post"}],"author":[{"embeddable":true,"href":"https:\/\/pinews.com.br\/index.php\/wp-json\/wp\/v2\/users\/4"}],"replies":[{"embeddable":true,"href":"https:\/\/pinews.com.br\/index.php\/wp-json\/wp\/v2\/comments?post=52535"}],"version-history":[{"count":1,"href":"https:\/\/pinews.com.br\/index.php\/wp-json\/wp\/v2\/posts\/52535\/revisions"}],"predecessor-version":[{"id":52537,"href":"https:\/\/pinews.com.br\/index.php\/wp-json\/wp\/v2\/posts\/52535\/revisions\/52537"}],"wp:featuredmedia":[{"embeddable":true,"href":"https:\/\/pinews.com.br\/index.php\/wp-json\/wp\/v2\/media\/52536"}],"wp:attachment":[{"href":"https:\/\/pinews.com.br\/index.php\/wp-json\/wp\/v2\/media?parent=52535"}],"wp:term":[{"taxonomy":"category","embeddable":true,"href":"https:\/\/pinews.com.br\/index.php\/wp-json\/wp\/v2\/categories?post=52535"},{"taxonomy":"post_tag","embeddable":true,"href":"https:\/\/pinews.com.br\/index.php\/wp-json\/wp\/v2\/tags?post=52535"}],"curies":[{"name":"wp","href":"https:\/\/api.w.org\/{rel}","templated":true}]}}