{"id":52544,"date":"2023-08-28T11:30:14","date_gmt":"2023-08-28T14:30:14","guid":{"rendered":"https:\/\/pinews.com.br\/?p=52544"},"modified":"2023-08-28T11:30:17","modified_gmt":"2023-08-28T14:30:17","slug":"carro-com-cinco-pessoas-sai-da-pista-e-tomba-em-cidade-do-piaui","status":"publish","type":"post","link":"https:\/\/pinews.com.br\/index.php\/2023\/08\/28\/carro-com-cinco-pessoas-sai-da-pista-e-tomba-em-cidade-do-piaui\/","title":{"rendered":"Carro com cinco pessoas sai da pista e tomba em cidade do Piau\u00ed"},"content":{"rendered":"\n<p>Um carro com cinco pessoas tombou na noite do \u00faltimo domingo (27\/08), na PI-143, na estrada da Ipueira, em Oeiras\/PI. <\/p>\n\n\n\n<p>O carro\u00a0modelo F1000, com cinco ocupantes, sendo um homem e quatro mulheres, saiu da pista carro\u00e7\u00e1vel, tombou\u00a0ficando virado em sentido contr\u00e1rio \u00e0 sua dire\u00e7\u00e3o original. O acidente ocorreu por volta das 21h, quando o grupo seguia em dire\u00e7\u00e3o \u00e0 Oeiras.<\/p>\n\n\n\n<p>As circunst\u00e2ncias exatas que levaram o ve\u00edculo a sair da pista ainda ser\u00e3o investigadas. Informa\u00e7\u00f5es preliminares s\u00e3o de que o carro teve dois pneus estourados.<\/p>\n\n\n\n<p>As equipes do Servi\u00e7o de Atendimento M\u00f3vel de Urg\u00eancia (SAMU) foram rapidamente acionadas para prestar socorro \u00e0s v\u00edtimas. Duas ambul\u00e2ncias foram enviadas ao local para auxiliar no resgate.<\/p>\n\n\n\n<p>As cinco pessoas envolvidas no acidente foram levadas \u00e0 Unidade de Pronto Atendimento (UPA) de Oeiras e uma das mulheres envolvidas no acidente foi classificada em estado grave e foi encaminhada imediatamente para a sala vermelha da UPA, onde recebe atendimento m\u00e9dico intensivo.<\/p>\n\n\n\n<p>A identidade das v\u00edtimas n\u00e3o foi divulgada, e suas condi\u00e7\u00f5es de sa\u00fade est\u00e3o sendo acompanhadas pela equipe m\u00e9dica da UPA.<\/p>\n\n\n\n<p>V\u00eddeo:<\/p>\n\n\n\n<figure class=\"wp-block-embed is-type-video is-provider-youtube wp-block-embed-youtube wp-embed-aspect-16-9 wp-has-aspect-ratio\"><div class=\"wp-block-embed__wrapper\">\n<iframe loading=\"lazy\" title=\"Cinco pessoas ficam feridas em acidente na zona rural de Oeiras\" width=\"1170\" height=\"658\" src=\"https:\/\/www.youtube.com\/embed\/tz7n06k7t9Y?feature=oembed\" frameborder=\"0\" allow=\"accelerometer; autoplay; clipboard-write; encrypted-media; gyroscope; picture-in-picture; web-share\" allowfullscreen><\/iframe>\n<\/div><\/figure>\n\n\n\n<p><strong>Fonte: 180 graus\/ As informa\u00e7\u00f5es s\u00e3o do\u00a0Mural da Vila<\/strong><\/p>\n","protected":false},"excerpt":{"rendered":"<p>Um carro com cinco pessoas tombou na noite do \u00faltimo domingo (27\/08), na PI-143, na estrada da Ipueira, em Oeiras\/PI. O carro\u00a0modelo F1000, com cinco ocupantes, sendo um homem e quatro mulheres, saiu da pista carro\u00e7\u00e1vel, tombou\u00a0ficando virado em sentido contr\u00e1rio \u00e0 sua dire\u00e7\u00e3o original. O acidente ocorreu por volta das 21h, quando o grupo [&hellip;]<\/p>\n","protected":false},"author":4,"featured_media":52545,"comment_status":"open","ping_status":"open","sticky":false,"template":"","format":"standard","meta":{"beyondwords_generate_audio":"","beyondwords_project_id":"","beyondwords_podcast_id":"","beyondwords_hash":"","beyondwords_error_message":"","beyondwords_disabled":"","publish_post_to_speechkit":"","speechkit_generate_audio":"","speechkit_project_id":"","speechkit_podcast_id":"","speechkit_hash":"","speechkit_error_message":"","speechkit_disabled":"","speechkit_access_key":"","speechkit_error":"","speechkit_info":"","speechkit_response":"","speechkit_retries":"","_speechkit_link":"","_speechkit_text":""},"categories":[51],"tags":[62,63,490,122,46,259,52,228,969,417],"jetpack_featured_media_url":"https:\/\/pinews.com.br\/wp-content\/uploads\/2023\/08\/acidente-de-carro_-4528326865193722421.jpg","_links":{"self":[{"href":"https:\/\/pinews.com.br\/index.php\/wp-json\/wp\/v2\/posts\/52544"}],"collection":[{"href":"https:\/\/pinews.com.br\/index.php\/wp-json\/wp\/v2\/posts"}],"about":[{"href":"https:\/\/pinews.com.br\/index.php\/wp-json\/wp\/v2\/types\/post"}],"author":[{"embeddable":true,"href":"https:\/\/pinews.com.br\/index.php\/wp-json\/wp\/v2\/users\/4"}],"replies":[{"embeddable":true,"href":"https:\/\/pinews.com.br\/index.php\/wp-json\/wp\/v2\/comments?post=52544"}],"version-history":[{"count":1,"href":"https:\/\/pinews.com.br\/index.php\/wp-json\/wp\/v2\/posts\/52544\/revisions"}],"predecessor-version":[{"id":52546,"href":"https:\/\/pinews.com.br\/index.php\/wp-json\/wp\/v2\/posts\/52544\/revisions\/52546"}],"wp:featuredmedia":[{"embeddable":true,"href":"https:\/\/pinews.com.br\/index.php\/wp-json\/wp\/v2\/media\/52545"}],"wp:attachment":[{"href":"https:\/\/pinews.com.br\/index.php\/wp-json\/wp\/v2\/media?parent=52544"}],"wp:term":[{"taxonomy":"category","embeddable":true,"href":"https:\/\/pinews.com.br\/index.php\/wp-json\/wp\/v2\/categories?post=52544"},{"taxonomy":"post_tag","embeddable":true,"href":"https:\/\/pinews.com.br\/index.php\/wp-json\/wp\/v2\/tags?post=52544"}],"curies":[{"name":"wp","href":"https:\/\/api.w.org\/{rel}","templated":true}]}}