{"id":52560,"date":"2023-08-28T18:08:51","date_gmt":"2023-08-28T21:08:51","guid":{"rendered":"https:\/\/pinews.com.br\/?p=52560"},"modified":"2023-08-28T18:08:53","modified_gmt":"2023-08-28T21:08:53","slug":"garoto-de-13-anos-e-apreendido-duas-vezes-em-uma-semana-por-assalto-e-portar-ilegalmente-submetralhadora-artesanal-no-piaui","status":"publish","type":"post","link":"https:\/\/pinews.com.br\/index.php\/2023\/08\/28\/garoto-de-13-anos-e-apreendido-duas-vezes-em-uma-semana-por-assalto-e-portar-ilegalmente-submetralhadora-artesanal-no-piaui\/","title":{"rendered":"Garoto de 13 anos \u00e9 apreendido duas vezes em uma semana por assalto e portar ilegalmente submetralhadora artesanal\u00a0no Piau\u00ed"},"content":{"rendered":"\n<p>Um adolescente de 13 anos foi apreendido pela Pol\u00edcia Militar, nesta segunda-feira (28), com uma submetralhadora artesanal na Vila Confian\u00e7a, localizada na Zona Sul de Teresina. A pol\u00edcia tinha apreendido o jovem por outro ato infracional na semana anterior.<\/p>\n\n\n\n<p>De acordo com o 1\u00b0 Batalh\u00e3o da Pol\u00edcia Militar (BPM), policiais da For\u00e7a T\u00e1tica realizavam ronda na regi\u00e3o da Vila Confian\u00e7a, quando avistaram o garoto na rua, que correu ao notar a viatura.<\/p>\n\n\n\n<p>Ap\u00f3s uma breve persegui\u00e7\u00e3o, o adolescente foi pego, e na mochila que usava os policiais encontraram uma submetralhadora e um celular.<\/p>\n\n\n\n<p>O 1\u00b0 BPM destacou ainda que o rapaz j\u00e1 \u00e9 conhecido pela pol\u00edcia e&nbsp;havia sido apreendido h\u00e1 uma semana, por assalto.<\/p>\n\n\n\n<p>Ele foi conduzido para a Central de Flagrantes de Teresina onde passar\u00e1 por exame de corpo de delito.<\/p>\n\n\n\n<p><strong>Fonte: G1 PI <\/strong><\/p>\n","protected":false},"excerpt":{"rendered":"<p>Um adolescente de 13 anos foi apreendido pela Pol\u00edcia Militar, nesta segunda-feira (28), com uma submetralhadora artesanal na Vila Confian\u00e7a, localizada na Zona Sul de Teresina. A pol\u00edcia tinha apreendido o jovem por outro ato infracional na semana anterior. De acordo com o 1\u00b0 Batalh\u00e3o da Pol\u00edcia Militar (BPM), policiais da For\u00e7a T\u00e1tica realizavam ronda [&hellip;]<\/p>\n","protected":false},"author":4,"featured_media":52561,"comment_status":"open","ping_status":"open","sticky":false,"template":"","format":"standard","meta":{"beyondwords_generate_audio":"","beyondwords_project_id":"","beyondwords_podcast_id":"","beyondwords_hash":"","beyondwords_error_message":"","beyondwords_disabled":"","publish_post_to_speechkit":"","speechkit_generate_audio":"","speechkit_project_id":"","speechkit_podcast_id":"","speechkit_hash":"","speechkit_error_message":"","speechkit_disabled":"","speechkit_access_key":"","speechkit_error":"","speechkit_info":"","speechkit_response":"","speechkit_retries":"","_speechkit_link":"","_speechkit_text":""},"categories":[51,78,81],"tags":[426,82,1117,11607,356,44,260,72,46,1543,9416,52,59,9308,5863,5216,557,5494],"jetpack_featured_media_url":"https:\/\/pinews.com.br\/wp-content\/uploads\/2023\/08\/cd409014-035a-4824-b841-e4b7c36c43c4.jpg","_links":{"self":[{"href":"https:\/\/pinews.com.br\/index.php\/wp-json\/wp\/v2\/posts\/52560"}],"collection":[{"href":"https:\/\/pinews.com.br\/index.php\/wp-json\/wp\/v2\/posts"}],"about":[{"href":"https:\/\/pinews.com.br\/index.php\/wp-json\/wp\/v2\/types\/post"}],"author":[{"embeddable":true,"href":"https:\/\/pinews.com.br\/index.php\/wp-json\/wp\/v2\/users\/4"}],"replies":[{"embeddable":true,"href":"https:\/\/pinews.com.br\/index.php\/wp-json\/wp\/v2\/comments?post=52560"}],"version-history":[{"count":1,"href":"https:\/\/pinews.com.br\/index.php\/wp-json\/wp\/v2\/posts\/52560\/revisions"}],"predecessor-version":[{"id":52562,"href":"https:\/\/pinews.com.br\/index.php\/wp-json\/wp\/v2\/posts\/52560\/revisions\/52562"}],"wp:featuredmedia":[{"embeddable":true,"href":"https:\/\/pinews.com.br\/index.php\/wp-json\/wp\/v2\/media\/52561"}],"wp:attachment":[{"href":"https:\/\/pinews.com.br\/index.php\/wp-json\/wp\/v2\/media?parent=52560"}],"wp:term":[{"taxonomy":"category","embeddable":true,"href":"https:\/\/pinews.com.br\/index.php\/wp-json\/wp\/v2\/categories?post=52560"},{"taxonomy":"post_tag","embeddable":true,"href":"https:\/\/pinews.com.br\/index.php\/wp-json\/wp\/v2\/tags?post=52560"}],"curies":[{"name":"wp","href":"https:\/\/api.w.org\/{rel}","templated":true}]}}