{"id":52563,"date":"2023-08-28T18:12:04","date_gmt":"2023-08-28T21:12:04","guid":{"rendered":"https:\/\/pinews.com.br\/?p=52563"},"modified":"2023-08-28T18:13:30","modified_gmt":"2023-08-28T21:13:30","slug":"trabalhador-cai-de-andaime-apos-se-desequilibrar-e-sofre-traumatismo-craniano-no-piaui","status":"publish","type":"post","link":"https:\/\/pinews.com.br\/index.php\/2023\/08\/28\/trabalhador-cai-de-andaime-apos-se-desequilibrar-e-sofre-traumatismo-craniano-no-piaui\/","title":{"rendered":"Trabalhador cai de andaime ap\u00f3s se desequilibrar e sofre traumatismo craniano no Piau\u00ed"},"content":{"rendered":"\n<p>Um trabalhador, ainda n\u00e3o identificado, caiu de um andaime e sofreu traumatismo craniano grave na cidade de&nbsp;Parna\u00edba, Litoral do Piau\u00ed. O acidente aconteceu nesta segunda-feira (28) e o profissional foi encaminhado para o Hospital Estadual Dirceu Arcoverde (Heda).<\/p>\n\n\n\n<p>Segundo outros trabalhadores, uma equipe do Servi\u00e7o de Atendimento M\u00f3vel de Urg\u00eancia (Samu) prestou o primeiro atendimento no local da ocorr\u00eancia. A queda aconteceu de uma altura considerada tr\u00eas vezes a altura do trabalhador.<\/p>\n\n\n\n<p>O engenheiro Ronald Santos, um dos respons\u00e1veis pela obra, informou que a empresa presta assist\u00eancia \u00e0 v\u00edtima e aos seus familiares. Segundo a empresa, o homem teria se desequilibrado ao pisar em uma telha e mesmo com os equipamentos de seguran\u00e7a, estava com o cinto de seguran\u00e7a desconectado.<\/p>\n\n\n\n<p>\u201cEle caiu de uma altura cerca de tr\u00eas metros e foi um acidente, fatalidade. Se desequilibrou e pisou em uma telha, inclusive nem recomendamos isso. Ele estava com o cinto, mas estava desconectado, ent\u00e3o infelizmente aconteceu. Estamos acompanhando seu caso\u201d, informou.<\/p>\n\n\n\n<p><strong>Fonte: G1 PI <\/strong><\/p>\n","protected":false},"excerpt":{"rendered":"<p>Um trabalhador, ainda n\u00e3o identificado, caiu de um andaime e sofreu traumatismo craniano grave na cidade de&nbsp;Parna\u00edba, Litoral do Piau\u00ed. O acidente aconteceu nesta segunda-feira (28) e o profissional foi encaminhado para o Hospital Estadual Dirceu Arcoverde (Heda). Segundo outros trabalhadores, uma equipe do Servi\u00e7o de Atendimento M\u00f3vel de Urg\u00eancia (Samu) prestou o primeiro atendimento [&hellip;]<\/p>\n","protected":false},"author":4,"featured_media":52565,"comment_status":"open","ping_status":"open","sticky":false,"template":"","format":"standard","meta":{"beyondwords_generate_audio":"","beyondwords_project_id":"","beyondwords_podcast_id":"","beyondwords_hash":"","beyondwords_error_message":"","beyondwords_disabled":"","publish_post_to_speechkit":"","speechkit_generate_audio":"","speechkit_project_id":"","speechkit_podcast_id":"","speechkit_hash":"","speechkit_error_message":"","speechkit_disabled":"","speechkit_access_key":"","speechkit_error":"","speechkit_info":"","speechkit_response":"","speechkit_retries":"","_speechkit_link":"","_speechkit_text":""},"categories":[51,81],"tags":[7831,70,738,575,44,10981,52,129,405,6815,582],"jetpack_featured_media_url":"https:\/\/pinews.com.br\/wp-content\/uploads\/2023\/08\/obra-1.jpg","_links":{"self":[{"href":"https:\/\/pinews.com.br\/index.php\/wp-json\/wp\/v2\/posts\/52563"}],"collection":[{"href":"https:\/\/pinews.com.br\/index.php\/wp-json\/wp\/v2\/posts"}],"about":[{"href":"https:\/\/pinews.com.br\/index.php\/wp-json\/wp\/v2\/types\/post"}],"author":[{"embeddable":true,"href":"https:\/\/pinews.com.br\/index.php\/wp-json\/wp\/v2\/users\/4"}],"replies":[{"embeddable":true,"href":"https:\/\/pinews.com.br\/index.php\/wp-json\/wp\/v2\/comments?post=52563"}],"version-history":[{"count":2,"href":"https:\/\/pinews.com.br\/index.php\/wp-json\/wp\/v2\/posts\/52563\/revisions"}],"predecessor-version":[{"id":52566,"href":"https:\/\/pinews.com.br\/index.php\/wp-json\/wp\/v2\/posts\/52563\/revisions\/52566"}],"wp:featuredmedia":[{"embeddable":true,"href":"https:\/\/pinews.com.br\/index.php\/wp-json\/wp\/v2\/media\/52565"}],"wp:attachment":[{"href":"https:\/\/pinews.com.br\/index.php\/wp-json\/wp\/v2\/media?parent=52563"}],"wp:term":[{"taxonomy":"category","embeddable":true,"href":"https:\/\/pinews.com.br\/index.php\/wp-json\/wp\/v2\/categories?post=52563"},{"taxonomy":"post_tag","embeddable":true,"href":"https:\/\/pinews.com.br\/index.php\/wp-json\/wp\/v2\/tags?post=52563"}],"curies":[{"name":"wp","href":"https:\/\/api.w.org\/{rel}","templated":true}]}}