{"id":52607,"date":"2023-08-30T11:18:05","date_gmt":"2023-08-30T14:18:05","guid":{"rendered":"https:\/\/pinews.com.br\/?p=52607"},"modified":"2023-08-30T11:18:07","modified_gmt":"2023-08-30T14:18:07","slug":"picos-e-outros-tres-municipios-do-piaui-estao-entre-as-20-cidades-do-pais-que-registraram-menores-umidades-do-ar","status":"publish","type":"post","link":"https:\/\/pinews.com.br\/index.php\/2023\/08\/30\/picos-e-outros-tres-municipios-do-piaui-estao-entre-as-20-cidades-do-pais-que-registraram-menores-umidades-do-ar\/","title":{"rendered":"Picos e outros tr\u00eas munic\u00edpios do Piau\u00ed est\u00e3o entre as 20 cidades do pa\u00eds que registraram menores umidades do ar"},"content":{"rendered":"\n<p>Dados divulgados pelo Instituto Nacional de Meteorologia (INMET), nesta quarta-feira (30) revelam que, no dia anterior (29), o Piau\u00ed teve quatro munic\u00edpios entre as 20 cidades do Brasil que registraram as&nbsp;menores umidades relativas do ar. As cidades de&nbsp;Campo Maior, Oeiras, Picos e Castelo do Piau\u00ed&nbsp;figuraram na lista. Todos os munic\u00edpios tiveram umidades abaixo dos na casa dos 20%.<\/p>\n\n\n\n<p>Na lista, Campo Maior ficou na segunda posi\u00e7\u00e3o entre as menores umidades relativas do ar no Brasil, com 23% de umidade relativa do ar, ficando atr\u00e1s apenas de Cuiab\u00e1-MT. A terceira colocada foi a cidade de Oeiras, no Sul do Estado, tamb\u00e9m com 23%. Na s\u00e9tima posi\u00e7\u00e3o veio Picos, com 25% de umidade relativa. Na 11\u00aa posi\u00e7\u00e3o, apareceu o munic\u00edpio de Castelo do Piau\u00ed, com 26%.<\/p>\n\n\n\n<p>De acordo com o Inmet, a umidade&nbsp;relativa do ar que varia entre 30% e 20%&nbsp;\u00e9 considerada muito baixa pelos especialistas.&nbsp;Com esse \u00edndice, h\u00e1 risco de&nbsp;inc\u00eandios florestais e tamb\u00e9m \u00e0 sa\u00fade da popula\u00e7\u00e3o nesses locais, causando ressecamento da pele, desconforto nos olhos, boca e nariz.<\/p>\n\n\n\n<p>As orienta\u00e7\u00f5es da institui\u00e7\u00e3o para os moradores dessas regi\u00f5es \u00e9 que bebem bastante l\u00edquido, evitem exposi\u00e7\u00e3o ao sol nas horas mais quentes do dia e usem hidratante para pele e umidifiquem o ambiente. Em casos de riscos de inc\u00eandios ou queimadas, acionar a Defesa Civil (199) ou o Corpo de Bombeiros (193), em caso de emerg\u00eancia.<\/p>\n\n\n\n<h2>Veja lista:<\/h2>\n\n\n\n<p>1. CUIAB\u00c1 \u2013 21.0%<\/p>\n\n\n\n<p>2. CAMPO MAIOR \u2013 23.0%<\/p>\n\n\n\n<p>3. OEIRAS \u2013 23.0%<\/p>\n\n\n\n<p>4. SERRA TALHADA \u2013 23.0%<\/p>\n\n\n\n<p>5. SOBRAL \u2013 23.0%<\/p>\n\n\n\n<p>6. P\u00c3O DE A\u00c7UCAR \u2013 24.0%<\/p>\n\n\n\n<p>7. PICOS \u2013 25.0%<\/p>\n\n\n\n<p>8. ROSARIO OESTE \u2013 25.0%<\/p>\n\n\n\n<p>9. TAU\u00c1 \u2013 25.0%<\/p>\n\n\n\n<p>10.&nbsp;BARBALHA \u2013 26.0%<\/p>\n\n\n\n<p>11.\u00a0CASTELO DO PIAU\u00cd \u2013 26.0%<\/p>\n\n\n\n<p>12.&nbsp;DELFINO \u2013 26.0%<\/p>\n\n\n\n<p>13.&nbsp;IGUATU \u2013 26.0%<\/p>\n\n\n\n<p>14.&nbsp;JAGUARIBE \u2013 26.0%<\/p>\n\n\n\n<p>15.&nbsp;MORADA NOVA \u2013 26.0%<\/p>\n\n\n\n<p>16.\u00a0PRIMAVERA DO LESTE \u2013 26.0%<\/p>\n\n\n\n<p>17.&nbsp;QUARAI \u2013 26.0%<\/p>\n\n\n\n<p>18.&nbsp;RONDON\u00d3POLIS \u2013 26.0%<\/p>\n\n\n\n<p>19.&nbsp;GOI\u00c2NIA \u2013 27.0%<\/p>\n\n\n\n<p>20.\u00a0GUIRATINGA \u2013 27.0%<\/p>\n\n\n\n<p><strong>Fonte: Portal O Dia<\/strong><\/p>\n","protected":false},"excerpt":{"rendered":"<p>Dados divulgados pelo Instituto Nacional de Meteorologia (INMET), nesta quarta-feira (30) revelam que, no dia anterior (29), o Piau\u00ed teve quatro munic\u00edpios entre as 20 cidades do Brasil que registraram as&nbsp;menores umidades relativas do ar. As cidades de&nbsp;Campo Maior, Oeiras, Picos e Castelo do Piau\u00ed&nbsp;figuraram na lista. Todos os munic\u00edpios tiveram umidades abaixo dos na [&hellip;]<\/p>\n","protected":false},"author":1,"featured_media":52608,"comment_status":"open","ping_status":"open","sticky":false,"template":"","format":"standard","meta":{"beyondwords_generate_audio":"","beyondwords_project_id":"","beyondwords_podcast_id":"","beyondwords_hash":"","beyondwords_error_message":"","beyondwords_disabled":"","publish_post_to_speechkit":"","speechkit_generate_audio":"","speechkit_project_id":"","speechkit_podcast_id":"","speechkit_hash":"","speechkit_error_message":"","speechkit_disabled":"","speechkit_access_key":"","speechkit_error":"","speechkit_info":"","speechkit_response":"","speechkit_retries":"","_speechkit_link":"","_speechkit_text":""},"categories":[51,126],"tags":[208,6245,809,178,5609,996,459,5704,998,52,125,6949,239,11798],"jetpack_featured_media_url":"https:\/\/pinews.com.br\/wp-content\/uploads\/2023\/08\/8A1QbS3ET6LQAfklHRH29GhX57yKQyxJdpcRge2b-1024x572-1.jpg","_links":{"self":[{"href":"https:\/\/pinews.com.br\/index.php\/wp-json\/wp\/v2\/posts\/52607"}],"collection":[{"href":"https:\/\/pinews.com.br\/index.php\/wp-json\/wp\/v2\/posts"}],"about":[{"href":"https:\/\/pinews.com.br\/index.php\/wp-json\/wp\/v2\/types\/post"}],"author":[{"embeddable":true,"href":"https:\/\/pinews.com.br\/index.php\/wp-json\/wp\/v2\/users\/1"}],"replies":[{"embeddable":true,"href":"https:\/\/pinews.com.br\/index.php\/wp-json\/wp\/v2\/comments?post=52607"}],"version-history":[{"count":1,"href":"https:\/\/pinews.com.br\/index.php\/wp-json\/wp\/v2\/posts\/52607\/revisions"}],"predecessor-version":[{"id":52609,"href":"https:\/\/pinews.com.br\/index.php\/wp-json\/wp\/v2\/posts\/52607\/revisions\/52609"}],"wp:featuredmedia":[{"embeddable":true,"href":"https:\/\/pinews.com.br\/index.php\/wp-json\/wp\/v2\/media\/52608"}],"wp:attachment":[{"href":"https:\/\/pinews.com.br\/index.php\/wp-json\/wp\/v2\/media?parent=52607"}],"wp:term":[{"taxonomy":"category","embeddable":true,"href":"https:\/\/pinews.com.br\/index.php\/wp-json\/wp\/v2\/categories?post=52607"},{"taxonomy":"post_tag","embeddable":true,"href":"https:\/\/pinews.com.br\/index.php\/wp-json\/wp\/v2\/tags?post=52607"}],"curies":[{"name":"wp","href":"https:\/\/api.w.org\/{rel}","templated":true}]}}