{"id":52613,"date":"2023-08-30T11:29:11","date_gmt":"2023-08-30T14:29:11","guid":{"rendered":"https:\/\/pinews.com.br\/?p=52613"},"modified":"2023-08-30T11:29:13","modified_gmt":"2023-08-30T14:29:13","slug":"em-carta-aberta-prefeitos-do-piaui-pedem-auxilio-financeiro-a-lula-por-quedas-no-fpm","status":"publish","type":"post","link":"https:\/\/pinews.com.br\/index.php\/2023\/08\/30\/em-carta-aberta-prefeitos-do-piaui-pedem-auxilio-financeiro-a-lula-por-quedas-no-fpm\/","title":{"rendered":"Em carta aberta, prefeitos do Piau\u00ed pedem aux\u00edlio financeiro a Lula por quedas no FPM"},"content":{"rendered":"\n<p>Pelo menos 150 prefeitos piauienses foram \u00e0 Assembleia Legislativa do Piau\u00ed (Alepi), na manh\u00e3 desta quarta-feira (30), para uma manifesta\u00e7\u00e3o contra as quedas do Fundo de Participa\u00e7\u00e3o dos Munic\u00edpios (FPM) que chegou ao patamar de 50% neste m\u00eas. No ato, os gestores municipais apresentaram uma carta aberta com reivindica\u00e7\u00f5es ao presidente Lula (PT).&nbsp;<\/p>\n\n\n\n<p>O principal pedido dos prefeito ao Governo Federal \u00e9 por um Aux\u00edlio Financeiro aos Munic\u00edpios (AFM) em monta capaz de recompor as perdas contabilizadas no per\u00edodo.<\/p>\n\n\n\n<p>\u201cDiante deste cen\u00e1rio t\u00e3o preocupante, resta necess\u00e1rio que o Govero Federal demonstre sensibilidade no trato com os Munic\u00edpios brasileiros, em especial aqueles que dependem essencialmente do FPM e Emendas para cumprir com suas despesas\u201d, pontuou o documento.\u00a0<\/p>\n\n\n\n<figure class=\"wp-block-image is-resized\"><img decoding=\"async\" loading=\"lazy\" src=\"https:\/\/cidadeverde.com\/assets\/uploads\/noticias\/a761c05032a0c851c15786ea7665dbd7.jpg\" alt=\"\" width=\"382\" height=\"248\"\/><figcaption class=\"wp-element-caption\">Foto: Renato Andrade\/ Cidadeverde.com<\/figcaption><\/figure>\n\n\n\n<p>O prefeito Toninho da Caridade (PSD), presidente da Associa\u00e7\u00e3o de Prefeitos do Piau\u00ed (APPM), acrescentou que pediu uma audi\u00eancia com Lula durante agenda que o presidente cumprir\u00e1 na quinta-feira (31) em Teresina.&nbsp;<\/p>\n\n\n\n<p>Segundo ele, outro ponto que precisa ser revisto diz respeito a divis\u00e3o dos royalties do petr\u00f3leo. Os royalties s\u00e3o uma compensa\u00e7\u00e3o financeira paga \u00e0 Uni\u00e3o, aos Estados e aos munic\u00edpios pelos produtores de \u00f3leo e g\u00e1s e s\u00e3o recolhidos mensalmente sobre o valor da produ\u00e7\u00e3o do campo.&nbsp;<\/p>\n\n\n\n<p>Para Toninho da Caridade, a sa\u00fade tem que receber uma fatia maior do recurso para que os munic\u00edpios possam pagar o novo piso da enfermagem.&nbsp;<\/p>\n\n\n\n<p>\u201cJ\u00e1 houve um contato com o cerimonial do presidente e talvez haja um momento para entregarmos essa carta ao presidente e para pedirmos aten\u00e7\u00e3o as causas municipalistas no Congresso Nacional. S\u00e3o a\u00e7\u00f5es essas que precisam ser urgentemente revistas, como o pacto federativo a reforma tribut\u00e1ria e tamb\u00e9m os royaltys do petr\u00f3leo tem que ser rediscutimos, pois a \u00e1rea mais deficit\u00e1ria hoje \u00e9 a sa\u00fade e a gente quer que esse recurso seja destinado para a sa\u00fade para podermos cumprir o piso da sa\u00fade, que h\u00e1 mais de 20 anos n\u00e3o s\u00e3o reajustados. N\u00e3o oneraria mais a Uni\u00e3o e faria justi\u00e7a social com s sa\u00fade\u201d, declarou.&nbsp;<\/p>\n\n\n\n<p>O prefeito da cidade de Padre Marcos, Valdinar da Silva (PSD), munic\u00edpio com pelo menos 6 mil habitantes, afirmou que cerca de 90% do or\u00e7amento municipal depende das receitas do FPM.<\/p>\n\n\n\n<p>Ele afirmou j\u00e1 ter sido obrigado a fazer cortes em combust\u00edvel e di\u00e1rias de servidores para conter gastos. A previs\u00e3o do gestor municipal \u00e9 de que a partir do m\u00eas de setembro tamb\u00e9m tenha que fazer demiss\u00f5es de comissionados e terceirizados.&nbsp;<\/p>\n\n\n\n<p>\u201cEstamos cortando em outras \u00e1reas, combust\u00edvel, di\u00e1rias, viagens e no m\u00eas de setembro se persistir ser\u00e1 no quadro de funcion\u00e1rios. O nosso governador est\u00e1 fazendo um brilhante trabalho e tamb\u00e9m tomou as medidas dele. \u00c9 preocupante, porque as quedas est\u00e3o muito grandes. S\u00f3 que por outro lado, a nossa economia est\u00e1 bombando. Ent\u00e3o, alguma m\u00e1 distribui\u00e7\u00e3o est\u00e1 acontecendo\u201d, disse.\u00a0<\/p>\n\n\n\n<figure class=\"wp-block-image\"><img decoding=\"async\" src=\"https:\/\/cidadeverde.com\/assets\/uploads\/noticias\/0a331681fc3c4cd04a414d60b89f92be.jpg\" alt=\"\"\/><figcaption class=\"wp-element-caption\">Foto: Renato Andrade\/ Cidadeverde.com\u00a0<\/figcaption><\/figure>\n\n\n\n<p>Deputados tamb\u00e9m marcaram presen\u00e7a no ato dos prefeitos, bem como o secret\u00e1rio de Governo de Teresina que compareceu representando o prefeito Dr. Pessoa (Republicanos).&nbsp;<\/p>\n\n\n\n<p>O presidente da Alepi, Franz\u00e9 Silva (PT), tamb\u00e9m compareceu e defendeu o repasse do aux\u00edlio para o entes da federa\u00e7\u00e3o.&nbsp;<\/p>\n\n\n\n<p>\u201cNesse momento o presidente Lula e a equipe econ\u00f4mica tem que entender a necessidade de usar reservas para socorrer os estados e munic\u00edpios. N\u00e3o podemos sacrificar a popula\u00e7\u00e3o brasileira por uma oscila\u00e7\u00e3o na economia\u201d, declarou.&nbsp;<\/p>\n\n\n\n<p><br><strong>Fonte: Paula Sampaio\/ Cidade Verde <\/strong><\/p>\n","protected":false},"excerpt":{"rendered":"<p>Pelo menos 150 prefeitos piauienses foram \u00e0 Assembleia Legislativa do Piau\u00ed (Alepi), na manh\u00e3 desta quarta-feira (30), para uma manifesta\u00e7\u00e3o contra as quedas do Fundo de Participa\u00e7\u00e3o dos Munic\u00edpios (FPM) que chegou ao patamar de 50% neste m\u00eas. No ato, os gestores municipais apresentaram uma carta aberta com reivindica\u00e7\u00f5es ao presidente Lula (PT).&nbsp; O principal [&hellip;]<\/p>\n","protected":false},"author":1,"featured_media":52614,"comment_status":"open","ping_status":"open","sticky":false,"template":"","format":"standard","meta":{"beyondwords_generate_audio":"","beyondwords_project_id":"","beyondwords_podcast_id":"","beyondwords_hash":"","beyondwords_error_message":"","beyondwords_disabled":"","publish_post_to_speechkit":"","speechkit_generate_audio":"","speechkit_project_id":"","speechkit_podcast_id":"","speechkit_hash":"","speechkit_error_message":"","speechkit_disabled":"","speechkit_access_key":"","speechkit_error":"","speechkit_info":"","speechkit_response":"","speechkit_retries":"","_speechkit_link":"","_speechkit_text":""},"categories":[51],"tags":[9936,2647,10043,46,5981,7673,346,7169,52,59,1223,11799],"jetpack_featured_media_url":"https:\/\/pinews.com.br\/wp-content\/uploads\/2023\/08\/d96b2b0e287d5215cc5a96a3df8bfb8b.jpg","_links":{"self":[{"href":"https:\/\/pinews.com.br\/index.php\/wp-json\/wp\/v2\/posts\/52613"}],"collection":[{"href":"https:\/\/pinews.com.br\/index.php\/wp-json\/wp\/v2\/posts"}],"about":[{"href":"https:\/\/pinews.com.br\/index.php\/wp-json\/wp\/v2\/types\/post"}],"author":[{"embeddable":true,"href":"https:\/\/pinews.com.br\/index.php\/wp-json\/wp\/v2\/users\/1"}],"replies":[{"embeddable":true,"href":"https:\/\/pinews.com.br\/index.php\/wp-json\/wp\/v2\/comments?post=52613"}],"version-history":[{"count":1,"href":"https:\/\/pinews.com.br\/index.php\/wp-json\/wp\/v2\/posts\/52613\/revisions"}],"predecessor-version":[{"id":52615,"href":"https:\/\/pinews.com.br\/index.php\/wp-json\/wp\/v2\/posts\/52613\/revisions\/52615"}],"wp:featuredmedia":[{"embeddable":true,"href":"https:\/\/pinews.com.br\/index.php\/wp-json\/wp\/v2\/media\/52614"}],"wp:attachment":[{"href":"https:\/\/pinews.com.br\/index.php\/wp-json\/wp\/v2\/media?parent=52613"}],"wp:term":[{"taxonomy":"category","embeddable":true,"href":"https:\/\/pinews.com.br\/index.php\/wp-json\/wp\/v2\/categories?post=52613"},{"taxonomy":"post_tag","embeddable":true,"href":"https:\/\/pinews.com.br\/index.php\/wp-json\/wp\/v2\/tags?post=52613"}],"curies":[{"name":"wp","href":"https:\/\/api.w.org\/{rel}","templated":true}]}}