{"id":52625,"date":"2023-08-30T20:43:39","date_gmt":"2023-08-30T23:43:39","guid":{"rendered":"https:\/\/pinews.com.br\/?p=52625"},"modified":"2023-08-30T20:43:41","modified_gmt":"2023-08-30T23:43:41","slug":"principio-de-incendio-atinge-escola-no-piaui-2","status":"publish","type":"post","link":"https:\/\/pinews.com.br\/index.php\/2023\/08\/30\/principio-de-incendio-atinge-escola-no-piaui-2\/","title":{"rendered":"Princ\u00edpio de inc\u00eandio atinge escola no Piau\u00ed"},"content":{"rendered":"\n<p>Um princ\u00edpio de inc\u00eandio atingiu, no in\u00edcio da tarde desta quarta-feira (30), o contador de energia de uma escola particular no bairro Promorar, zona Sul de Teresina. Os alunos foram retirados do pr\u00e9dio no momento do incidente e o local foi esvaziado.&nbsp;<\/p>\n\n\n\n<p>O fogo foi controlado por funcion\u00e1rios da escola, que utilizaram extintores de inc\u00eandio.&nbsp;<\/p>\n\n\n\n<p>Segundo o tenente Pedro Bento, do Corpo de Bombeiros, uma incompatibilidade entre o sistema de energia solar implantado na escola e a rede da Equatorial teria gerado um curto circuito e provocado um inc\u00eandio no medidor de energia el\u00e9trica.<\/p>\n\n\n\n<p>O inc\u00eandio atingiu apenas o medidor de energia el\u00e9trica, que fica do lado de fora da escola, e n\u00e3o chegou a atingir o lado de dentro do im\u00f3vel.<\/p>\n\n\n\n<p>&#8220;O Corpo de Bombeiros chegou r\u00e1pido ao local. E quando chegamos aqui o inc\u00eandio j\u00e1 tinha sido debelado. Os pr\u00f3prios funcion\u00e1rios utilizaram extintores e revelaram as chamas&#8221;, explicou o tenente.<\/p>\n\n\n\n<p>Na escola funciona o ensino fundamental, at\u00e9 o nono ano.&nbsp;<\/p>\n\n\n\n<p>&#8220;No momento do inc\u00eandio os alunos menores j\u00e1 haviam sido liberados. Somente os maiores estavam na escola, no sexto hor\u00e1rio&#8221;, explicou uma funcion\u00e1ria da escola, que n\u00e3o quis ser identificada.<\/p>\n\n\n\n<p>A funcion\u00e1ria nos revelou ainda, que o sistema de energia solar foi implanto h\u00e1 cerca de um ano e nunca havia apresentado problemas.<\/p>\n\n\n\n<p>&#8220;N\u00f3s sentimos a oscila\u00e7\u00e3o da energia el\u00e9trica e entramos em contato com a Equatorial para que eles mandassem uma equipe para averiguar. Momentos depois o contador incendiou e nosso funcion\u00e1rios conseguiram apagar o fogo com os extintores&#8221;, explicou a funcion\u00e1ria.<\/p>\n\n\n\n<p>A Equatorial do Piau\u00ed se manifestou atrav\u00e9s de nota:&nbsp;<\/p>\n\n\n\n<blockquote class=\"wp-block-quote\">\n<p>Sobre o inc\u00eandio ocorrido nesta quarta-feira (30) em um col\u00e9gio do bairro promorar, zona sul de Teresina, a Equatorial Piau\u00ed informa que identificou registro de ocorr\u00eancia no local e j\u00e1 direcionou equipe&nbsp; para realizar o desligamento da rede e outras provid\u00eancias que sejam necess\u00e1rias.<\/p>\n<\/blockquote>\n\n\n\n<p><strong>Fonte: Adriana Magalh\u00e3es\/ Cidade Verde <\/strong><\/p>\n","protected":false},"excerpt":{"rendered":"<p>Um princ\u00edpio de inc\u00eandio atingiu, no in\u00edcio da tarde desta quarta-feira (30), o contador de energia de uma escola particular no bairro Promorar, zona Sul de Teresina. Os alunos foram retirados do pr\u00e9dio no momento do incidente e o local foi esvaziado.&nbsp; O fogo foi controlado por funcion\u00e1rios da escola, que utilizaram extintores de inc\u00eandio.&nbsp; [&hellip;]<\/p>\n","protected":false},"author":4,"featured_media":52626,"comment_status":"open","ping_status":"open","sticky":false,"template":"","format":"standard","meta":{"beyondwords_generate_audio":"","beyondwords_project_id":"","beyondwords_podcast_id":"","beyondwords_hash":"","beyondwords_error_message":"","beyondwords_disabled":"","publish_post_to_speechkit":"","speechkit_generate_audio":"","speechkit_project_id":"","speechkit_podcast_id":"","speechkit_hash":"","speechkit_error_message":"","speechkit_disabled":"","speechkit_access_key":"","speechkit_error":"","speechkit_info":"","speechkit_response":"","speechkit_retries":"","_speechkit_link":"","_speechkit_text":""},"categories":[51,81],"tags":[372,44,1425,547,52,8338],"jetpack_featured_media_url":"https:\/\/pinews.com.br\/wp-content\/uploads\/2023\/08\/5c139ed929ecee264e4772848b0e66e5.jpg","_links":{"self":[{"href":"https:\/\/pinews.com.br\/index.php\/wp-json\/wp\/v2\/posts\/52625"}],"collection":[{"href":"https:\/\/pinews.com.br\/index.php\/wp-json\/wp\/v2\/posts"}],"about":[{"href":"https:\/\/pinews.com.br\/index.php\/wp-json\/wp\/v2\/types\/post"}],"author":[{"embeddable":true,"href":"https:\/\/pinews.com.br\/index.php\/wp-json\/wp\/v2\/users\/4"}],"replies":[{"embeddable":true,"href":"https:\/\/pinews.com.br\/index.php\/wp-json\/wp\/v2\/comments?post=52625"}],"version-history":[{"count":1,"href":"https:\/\/pinews.com.br\/index.php\/wp-json\/wp\/v2\/posts\/52625\/revisions"}],"predecessor-version":[{"id":52627,"href":"https:\/\/pinews.com.br\/index.php\/wp-json\/wp\/v2\/posts\/52625\/revisions\/52627"}],"wp:featuredmedia":[{"embeddable":true,"href":"https:\/\/pinews.com.br\/index.php\/wp-json\/wp\/v2\/media\/52626"}],"wp:attachment":[{"href":"https:\/\/pinews.com.br\/index.php\/wp-json\/wp\/v2\/media?parent=52625"}],"wp:term":[{"taxonomy":"category","embeddable":true,"href":"https:\/\/pinews.com.br\/index.php\/wp-json\/wp\/v2\/categories?post=52625"},{"taxonomy":"post_tag","embeddable":true,"href":"https:\/\/pinews.com.br\/index.php\/wp-json\/wp\/v2\/tags?post=52625"}],"curies":[{"name":"wp","href":"https:\/\/api.w.org\/{rel}","templated":true}]}}