{"id":52656,"date":"2023-09-01T11:34:53","date_gmt":"2023-09-01T14:34:53","guid":{"rendered":"https:\/\/pinews.com.br\/?p=52656"},"modified":"2023-09-01T11:34:55","modified_gmt":"2023-09-01T14:34:55","slug":"policia-prende-quatro-pessoas-por-trafico-de-drogas-e-corrupcao-de-menores-no-piaui","status":"publish","type":"post","link":"https:\/\/pinews.com.br\/index.php\/2023\/09\/01\/policia-prende-quatro-pessoas-por-trafico-de-drogas-e-corrupcao-de-menores-no-piaui\/","title":{"rendered":"Pol\u00edcia prende quatro pessoas por tr\u00e1fico de drogas e corrup\u00e7\u00e3o de menores no Piau\u00ed"},"content":{"rendered":"\n<p>Na manh\u00e3 desta quinta-feira (31\/08), uma a\u00e7\u00e3o integrada entre pol\u00edcia civil e militar, resultou na pris\u00e3o de quatro pessoas em flagrantes por tr\u00e1fico de drogas na cidade de Luzil\u00e2ndia, no norte do Piau\u00ed. <\/p>\n\n\n\n<p>O delegado titular de Luzil\u00e2ndia, Ant\u00f4nio Alves, explicou que as pris\u00f5es foram realizadas no bairro Coroa, onde tamb\u00e9m foram apreendidas uma quantidade de maconha, crack, dinheiro, celulares, sacos para endola\u00e7\u00e3o e celulares.<\/p>\n\n\n\n<p><strong>Na opera\u00e7\u00e3o foram presas as seguintes pessoas:<\/strong><\/p>\n\n\n\n<p>F.A.J, vulgo \u201cJ\u00fanior\u201d, de 34 anos, natural de Parna\u00edba;<\/p>\n\n\n\n<p>M.R.J., vulgo \u201cMaria Gorda\u201d, de 31 anos, natural de Caxing\u00f3;<\/p>\n\n\n\n<p>M.M.C.R., vulgo \u201cMariane\u201d, de 50 anos, natural de Tucuru\u00ed;<\/p>\n\n\n\n<p>F.C.L., vulgo \u201cFrancisca\u201d, de 25 anos e natural de Luzil\u00e2ndia;<\/p>\n\n\n\n<p>Ainda conforme o delegado, a maioria dos presos possui antecedentes criminais dos mais variados delitos. \u201cO J\u00fanior ostenta antecedentes por homic\u00eddio, oculta\u00e7\u00e3o de cad\u00e1ver e corrup\u00e7\u00e3o de menor. O mesmo confirmou envolvimento nos roubos que ocorreram na \u00faltima ter\u00e7a-feira (29), na regi\u00e3o do Dnocs e do Capim Grosso\u201c, disse.<\/p>\n\n\n\n<p>Todos os presos foram conduzidos para a delegacia, onde foram autuados por tr\u00e1fico de drogas e organiza\u00e7\u00e3o criminosa.<\/p>\n\n\n\n<p>O delegado Ant\u00f4nio Alves disponibilizou um n\u00famero para que a popula\u00e7\u00e3o possa denunciar crimes \u00e0 pol\u00edcia.\u00a0O contato WhatsApp \u00e9:\u00a0(85) 99921-3298.\u00a0A den\u00fancia pode ser an\u00f4nima e o sigilo do denunciante \u00e9 garantido, disse o delegado.<\/p>\n\n\n\n<p><strong>Fonte: 180 graus\/ As informa\u00e7\u00f5es s\u00e3o do Revista AZ<\/strong><\/p>\n","protected":false},"excerpt":{"rendered":"<p>Na manh\u00e3 desta quinta-feira (31\/08), uma a\u00e7\u00e3o integrada entre pol\u00edcia civil e militar, resultou na pris\u00e3o de quatro pessoas em flagrantes por tr\u00e1fico de drogas na cidade de Luzil\u00e2ndia, no norte do Piau\u00ed. O delegado titular de Luzil\u00e2ndia, Ant\u00f4nio Alves, explicou que as pris\u00f5es foram realizadas no bairro Coroa, onde tamb\u00e9m foram apreendidas uma quantidade [&hellip;]<\/p>\n","protected":false},"author":4,"featured_media":52657,"comment_status":"open","ping_status":"open","sticky":false,"template":"","format":"standard","meta":{"beyondwords_generate_audio":"","beyondwords_project_id":"","beyondwords_podcast_id":"","beyondwords_hash":"","beyondwords_error_message":"","beyondwords_disabled":"","publish_post_to_speechkit":"","speechkit_generate_audio":"","speechkit_project_id":"","speechkit_podcast_id":"","speechkit_hash":"","speechkit_error_message":"","speechkit_disabled":"","speechkit_access_key":"","speechkit_error":"","speechkit_info":"","speechkit_response":"","speechkit_retries":"","_speechkit_link":"","_speechkit_text":""},"categories":[51,78],"tags":[5678,44,193,996,259,52,466,59,112,772,195],"jetpack_featured_media_url":"https:\/\/pinews.com.br\/wp-content\/uploads\/2023\/09\/IMG_20230901_113144.jpg","_links":{"self":[{"href":"https:\/\/pinews.com.br\/index.php\/wp-json\/wp\/v2\/posts\/52656"}],"collection":[{"href":"https:\/\/pinews.com.br\/index.php\/wp-json\/wp\/v2\/posts"}],"about":[{"href":"https:\/\/pinews.com.br\/index.php\/wp-json\/wp\/v2\/types\/post"}],"author":[{"embeddable":true,"href":"https:\/\/pinews.com.br\/index.php\/wp-json\/wp\/v2\/users\/4"}],"replies":[{"embeddable":true,"href":"https:\/\/pinews.com.br\/index.php\/wp-json\/wp\/v2\/comments?post=52656"}],"version-history":[{"count":1,"href":"https:\/\/pinews.com.br\/index.php\/wp-json\/wp\/v2\/posts\/52656\/revisions"}],"predecessor-version":[{"id":52658,"href":"https:\/\/pinews.com.br\/index.php\/wp-json\/wp\/v2\/posts\/52656\/revisions\/52658"}],"wp:featuredmedia":[{"embeddable":true,"href":"https:\/\/pinews.com.br\/index.php\/wp-json\/wp\/v2\/media\/52657"}],"wp:attachment":[{"href":"https:\/\/pinews.com.br\/index.php\/wp-json\/wp\/v2\/media?parent=52656"}],"wp:term":[{"taxonomy":"category","embeddable":true,"href":"https:\/\/pinews.com.br\/index.php\/wp-json\/wp\/v2\/categories?post=52656"},{"taxonomy":"post_tag","embeddable":true,"href":"https:\/\/pinews.com.br\/index.php\/wp-json\/wp\/v2\/tags?post=52656"}],"curies":[{"name":"wp","href":"https:\/\/api.w.org\/{rel}","templated":true}]}}