{"id":52686,"date":"2023-09-02T18:22:02","date_gmt":"2023-09-02T21:22:02","guid":{"rendered":"https:\/\/pinews.com.br\/?p=52686"},"modified":"2023-09-02T18:22:05","modified_gmt":"2023-09-02T21:22:05","slug":"motorista-morre-ao-colidir-carro-com-caminhao-bitrem-na-br-316-em-picos","status":"publish","type":"post","link":"https:\/\/pinews.com.br\/index.php\/2023\/09\/02\/motorista-morre-ao-colidir-carro-com-caminhao-bitrem-na-br-316-em-picos\/","title":{"rendered":"Motorista morre ao colidir carro com caminh\u00e3o bitrem na BR-316, em Picos"},"content":{"rendered":"\n<p>Um motorista de 80 anos, n\u00e3o identificado, morreu ao colidir o carro com um caminh\u00e3o bitrem na BR-316, em\u00a0Picos. O acidente aconteceu por volta das 12h dese s\u00e1bado (2).<\/p>\n\n\n\n<p>De acordo com a Pol\u00edcia Rodovi\u00e1ria Federal (PRF), o carro colidiu frontalmente com o caminh\u00e3o, que tinha atrelados dois semirreboques. O condutor do bitrem saiu ileso.<\/p>\n\n\n\n<p>Conforme a PRF, a suspeita \u00e9 que o motorista do carro invadiu a via. O Servi\u00e7o de Atendimento M\u00f3vel de Urg\u00eancia (Samu), Per\u00edcia Criminal e Instituto M\u00e9dico Legal foram acionados.<\/p>\n\n\n\n<p><strong>Fonte: G1 PI <\/strong><\/p>\n","protected":false},"excerpt":{"rendered":"<p>Um motorista de 80 anos, n\u00e3o identificado, morreu ao colidir o carro com um caminh\u00e3o bitrem na BR-316, em\u00a0Picos. O acidente aconteceu por volta das 12h dese s\u00e1bado (2). De acordo com a Pol\u00edcia Rodovi\u00e1ria Federal (PRF), o carro colidiu frontalmente com o caminh\u00e3o, que tinha atrelados dois semirreboques. O condutor do bitrem saiu ileso. [&hellip;]<\/p>\n","protected":false},"author":4,"featured_media":52687,"comment_status":"open","ping_status":"open","sticky":false,"template":"","format":"standard","meta":{"beyondwords_generate_audio":"1","beyondwords_project_id":"","beyondwords_podcast_id":"","beyondwords_hash":"","beyondwords_error_message":"","beyondwords_disabled":"","publish_post_to_speechkit":"","speechkit_generate_audio":"","speechkit_project_id":"","speechkit_podcast_id":"","speechkit_hash":"","speechkit_error_message":"","speechkit_disabled":"","speechkit_access_key":"","speechkit_error":"","speechkit_info":"","speechkit_response":"","speechkit_retries":"","_speechkit_link":"","_speechkit_text":""},"categories":[124,51,126],"tags":[132,10403,298,188,62,300,46,119,58,91,125],"jetpack_featured_media_url":"https:\/\/pinews.com.br\/wp-content\/uploads\/2023\/09\/acidente-sabiaguaba.jpg","_links":{"self":[{"href":"https:\/\/pinews.com.br\/index.php\/wp-json\/wp\/v2\/posts\/52686"}],"collection":[{"href":"https:\/\/pinews.com.br\/index.php\/wp-json\/wp\/v2\/posts"}],"about":[{"href":"https:\/\/pinews.com.br\/index.php\/wp-json\/wp\/v2\/types\/post"}],"author":[{"embeddable":true,"href":"https:\/\/pinews.com.br\/index.php\/wp-json\/wp\/v2\/users\/4"}],"replies":[{"embeddable":true,"href":"https:\/\/pinews.com.br\/index.php\/wp-json\/wp\/v2\/comments?post=52686"}],"version-history":[{"count":1,"href":"https:\/\/pinews.com.br\/index.php\/wp-json\/wp\/v2\/posts\/52686\/revisions"}],"predecessor-version":[{"id":52688,"href":"https:\/\/pinews.com.br\/index.php\/wp-json\/wp\/v2\/posts\/52686\/revisions\/52688"}],"wp:featuredmedia":[{"embeddable":true,"href":"https:\/\/pinews.com.br\/index.php\/wp-json\/wp\/v2\/media\/52687"}],"wp:attachment":[{"href":"https:\/\/pinews.com.br\/index.php\/wp-json\/wp\/v2\/media?parent=52686"}],"wp:term":[{"taxonomy":"category","embeddable":true,"href":"https:\/\/pinews.com.br\/index.php\/wp-json\/wp\/v2\/categories?post=52686"},{"taxonomy":"post_tag","embeddable":true,"href":"https:\/\/pinews.com.br\/index.php\/wp-json\/wp\/v2\/tags?post=52686"}],"curies":[{"name":"wp","href":"https:\/\/api.w.org\/{rel}","templated":true}]}}