{"id":52690,"date":"2023-09-03T20:33:56","date_gmt":"2023-09-03T23:33:56","guid":{"rendered":"https:\/\/pinews.com.br\/?p=52690"},"modified":"2023-09-03T20:33:57","modified_gmt":"2023-09-03T23:33:57","slug":"detento-foragido-e-recapturado-apos-saida-temporaria-no-piaui","status":"publish","type":"post","link":"https:\/\/pinews.com.br\/index.php\/2023\/09\/03\/detento-foragido-e-recapturado-apos-saida-temporaria-no-piaui\/","title":{"rendered":"Detento foragido \u00e9 recapturado ap\u00f3s sa\u00edda tempor\u00e1ria no Piau\u00ed"},"content":{"rendered":"\n<p>Um indiv\u00edduo com as iniciais F.B.O.F, que estava cumprindo pena na Col\u00f4nia Agr\u00edcola Major C\u00e9sar, foi capturado pelas autoridades policiais das cidades de Boqueir\u00e3o do Piau\u00ed e Boa Hora na \u00faltima sexta-feira (01\/09). Conforme informa\u00e7\u00f5es do 15\u00b0 Batalh\u00e3o de Pol\u00edcia Militar, esse indiv\u00edduo, que estava foragido, foi localizado no povoado Samba\u00edba, situado na zona rural de Boqueir\u00e3o do Piau\u00ed.<\/p>\n\n\n\n<p>Segundo as autoridades policiais, o detento havia sido beneficiado com uma sa\u00edda tempor\u00e1ria no Dia dos Pais, por\u00e9m n\u00e3o retornou ao sistema prisional, onde estava cumprindo pena por crimes relacionados a tr\u00e1fico de drogas, roubo e porte ilegal de arma de fogo. O Sargento Wellington, pertencente ao Grupamento da PM de Boqueir\u00e3o do Piau\u00ed, destacou que o indiv\u00edduo estava sendo considerado foragido desde o dia 14 de agosto.<\/p>\n\n\n\n<p>Ap\u00f3s a recaptura, o detento foi conduzido \u00e0 delegacia de Campo Maior, que est\u00e1 localizada a aproximadamente 79,5 quil\u00f4metros de Teresina. De acordo com informa\u00e7\u00f5es do 15\u00b0 BPM, em consequ\u00eancia dessa situa\u00e7\u00e3o, o indiv\u00edduo dever\u00e1 ser reincorporado ao sistema prisional, passando do regime semiaberto para o regime fechado.<\/p>\n\n\n\n<p><strong>Fonte: 180 graus<\/strong><\/p>\n","protected":false},"excerpt":{"rendered":"<p>Um indiv\u00edduo com as iniciais F.B.O.F, que estava cumprindo pena na Col\u00f4nia Agr\u00edcola Major C\u00e9sar, foi capturado pelas autoridades policiais das cidades de Boqueir\u00e3o do Piau\u00ed e Boa Hora na \u00faltima sexta-feira (01\/09). Conforme informa\u00e7\u00f5es do 15\u00b0 Batalh\u00e3o de Pol\u00edcia Militar, esse indiv\u00edduo, que estava foragido, foi localizado no povoado Samba\u00edba, situado na zona rural [&hellip;]<\/p>\n","protected":false},"author":4,"featured_media":52691,"comment_status":"open","ping_status":"open","sticky":false,"template":"","format":"standard","meta":{"beyondwords_generate_audio":"1","beyondwords_project_id":"","beyondwords_podcast_id":"","beyondwords_hash":"","beyondwords_error_message":"","beyondwords_disabled":"","publish_post_to_speechkit":"","speechkit_generate_audio":"","speechkit_project_id":"","speechkit_podcast_id":"","speechkit_hash":"","speechkit_error_message":"","speechkit_disabled":"","speechkit_access_key":"","speechkit_error":"","speechkit_info":"","speechkit_response":"","speechkit_retries":"","_speechkit_link":"","_speechkit_text":""},"categories":[51,78],"tags":[70,857,72,1041,52,8155,7754,9636],"jetpack_featured_media_url":"https:\/\/pinews.com.br\/wp-content\/uploads\/2023\/09\/foragido-da-major-cesar-e-recapturado-em-boqueirao-do-piaui-_3130412268143949349.webp","_links":{"self":[{"href":"https:\/\/pinews.com.br\/index.php\/wp-json\/wp\/v2\/posts\/52690"}],"collection":[{"href":"https:\/\/pinews.com.br\/index.php\/wp-json\/wp\/v2\/posts"}],"about":[{"href":"https:\/\/pinews.com.br\/index.php\/wp-json\/wp\/v2\/types\/post"}],"author":[{"embeddable":true,"href":"https:\/\/pinews.com.br\/index.php\/wp-json\/wp\/v2\/users\/4"}],"replies":[{"embeddable":true,"href":"https:\/\/pinews.com.br\/index.php\/wp-json\/wp\/v2\/comments?post=52690"}],"version-history":[{"count":1,"href":"https:\/\/pinews.com.br\/index.php\/wp-json\/wp\/v2\/posts\/52690\/revisions"}],"predecessor-version":[{"id":52692,"href":"https:\/\/pinews.com.br\/index.php\/wp-json\/wp\/v2\/posts\/52690\/revisions\/52692"}],"wp:featuredmedia":[{"embeddable":true,"href":"https:\/\/pinews.com.br\/index.php\/wp-json\/wp\/v2\/media\/52691"}],"wp:attachment":[{"href":"https:\/\/pinews.com.br\/index.php\/wp-json\/wp\/v2\/media?parent=52690"}],"wp:term":[{"taxonomy":"category","embeddable":true,"href":"https:\/\/pinews.com.br\/index.php\/wp-json\/wp\/v2\/categories?post=52690"},{"taxonomy":"post_tag","embeddable":true,"href":"https:\/\/pinews.com.br\/index.php\/wp-json\/wp\/v2\/tags?post=52690"}],"curies":[{"name":"wp","href":"https:\/\/api.w.org\/{rel}","templated":true}]}}