{"id":52739,"date":"2023-09-05T11:35:22","date_gmt":"2023-09-05T14:35:22","guid":{"rendered":"https:\/\/pinews.com.br\/?p=52739"},"modified":"2023-09-05T11:35:25","modified_gmt":"2023-09-05T14:35:25","slug":"homem-que-fugiu-de-presidio-por-tunel-e-recapturado-apos-seis-anos-no-piaui","status":"publish","type":"post","link":"https:\/\/pinews.com.br\/index.php\/2023\/09\/05\/homem-que-fugiu-de-presidio-por-tunel-e-recapturado-apos-seis-anos-no-piaui\/","title":{"rendered":"Homem que fugiu de pres\u00eddio por t\u00fanel \u00e9 recapturado AP\u00d3S seis anos no Piau\u00ed"},"content":{"rendered":"\n<p>Um homem chamado Maylson Jos\u00e9 Ferreira dos Santos, de 30 anos, foi preso pela Pol\u00edcia Civil do Piau\u00ed nesta ter\u00e7a-feira (05), no bairro Dirceu I, localizado na Zona Sudeste de\u00a0Teresina. Ele havia fugido da Penitenci\u00e1ria de\u00a0Esperantina, a 187 km da capital, ap\u00f3s cavar um t\u00fanel com outros presos em 2017.<\/p>\n\n\n\n<p>A pris\u00e3o foi realizada pela Diretoria Especializada em Opera\u00e7\u00f5es Policiais (DEOP), decorrente da condena\u00e7\u00e3o de Maylson pelos crimes de homic\u00eddio qualificado e corrup\u00e7\u00e3o de menores, cometidos em 2015 no munic\u00edpio de\u00a0Barras, a 127 km de Teresina.<\/p>\n\n\n\n<p>Conforme a Pol\u00edcia Civil, o homem, juntamente com o seu cunhado que era menor de idade na \u00e9poca do crime,\u00a0assassinaram um rapaz identificado como M\u00e1rio D\u00eanis de Oliveira com golpes de fac\u00e3o ap\u00f3s uma discuss\u00e3o em um evento.<\/p>\n\n\n\n<p>Maylson foi preso na data do crime, mas conseguiu fugir da Penitenci\u00e1ria de Esperantina ap\u00f3s cavar um t\u00fanel com outros presos em 2017. Ele estava residindo em Teresina havia cinco anos.<\/p>\n\n\n\n<p><strong>Fonte: G1 PI<\/strong><\/p>\n","protected":false},"excerpt":{"rendered":"<p>Um homem chamado Maylson Jos\u00e9 Ferreira dos Santos, de 30 anos, foi preso pela Pol\u00edcia Civil do Piau\u00ed nesta ter\u00e7a-feira (05), no bairro Dirceu I, localizado na Zona Sudeste de\u00a0Teresina. Ele havia fugido da Penitenci\u00e1ria de\u00a0Esperantina, a 187 km da capital, ap\u00f3s cavar um t\u00fanel com outros presos em 2017. A pris\u00e3o foi realizada pela [&hellip;]<\/p>\n","protected":false},"author":4,"featured_media":52740,"comment_status":"open","ping_status":"open","sticky":false,"template":"","format":"standard","meta":{"beyondwords_generate_audio":"","beyondwords_project_id":"","beyondwords_podcast_id":"","beyondwords_hash":"","beyondwords_error_message":"","beyondwords_disabled":"","publish_post_to_speechkit":"","speechkit_generate_audio":"","speechkit_project_id":"","speechkit_podcast_id":"","speechkit_hash":"","speechkit_error_message":"","speechkit_disabled":"","speechkit_access_key":"","speechkit_error":"","speechkit_info":"","speechkit_response":"","speechkit_retries":"","_speechkit_link":"","_speechkit_text":""},"categories":[51,78,81],"tags":[82,70,44,72,5767,84,52,59,858,8155,676,2275],"jetpack_featured_media_url":"https:\/\/pinews.com.br\/wp-content\/uploads\/2023\/09\/img-7790.jpg","_links":{"self":[{"href":"https:\/\/pinews.com.br\/index.php\/wp-json\/wp\/v2\/posts\/52739"}],"collection":[{"href":"https:\/\/pinews.com.br\/index.php\/wp-json\/wp\/v2\/posts"}],"about":[{"href":"https:\/\/pinews.com.br\/index.php\/wp-json\/wp\/v2\/types\/post"}],"author":[{"embeddable":true,"href":"https:\/\/pinews.com.br\/index.php\/wp-json\/wp\/v2\/users\/4"}],"replies":[{"embeddable":true,"href":"https:\/\/pinews.com.br\/index.php\/wp-json\/wp\/v2\/comments?post=52739"}],"version-history":[{"count":1,"href":"https:\/\/pinews.com.br\/index.php\/wp-json\/wp\/v2\/posts\/52739\/revisions"}],"predecessor-version":[{"id":52741,"href":"https:\/\/pinews.com.br\/index.php\/wp-json\/wp\/v2\/posts\/52739\/revisions\/52741"}],"wp:featuredmedia":[{"embeddable":true,"href":"https:\/\/pinews.com.br\/index.php\/wp-json\/wp\/v2\/media\/52740"}],"wp:attachment":[{"href":"https:\/\/pinews.com.br\/index.php\/wp-json\/wp\/v2\/media?parent=52739"}],"wp:term":[{"taxonomy":"category","embeddable":true,"href":"https:\/\/pinews.com.br\/index.php\/wp-json\/wp\/v2\/categories?post=52739"},{"taxonomy":"post_tag","embeddable":true,"href":"https:\/\/pinews.com.br\/index.php\/wp-json\/wp\/v2\/tags?post=52739"}],"curies":[{"name":"wp","href":"https:\/\/api.w.org\/{rel}","templated":true}]}}