{"id":52753,"date":"2023-09-05T18:27:29","date_gmt":"2023-09-05T21:27:29","guid":{"rendered":"https:\/\/pinews.com.br\/?p=52753"},"modified":"2023-09-05T18:27:31","modified_gmt":"2023-09-05T21:27:31","slug":"homem-morre-apos-carro-capotar-na-br-343-no-piaui","status":"publish","type":"post","link":"https:\/\/pinews.com.br\/index.php\/2023\/09\/05\/homem-morre-apos-carro-capotar-na-br-343-no-piaui\/","title":{"rendered":"Homem morre ap\u00f3s carro capotar na BR-343\u00a0no Piau\u00ed"},"content":{"rendered":"\n<p>Um\u00a0homem morreu e uma mulher ficou ferida ap\u00f3s um grave acidente de carro\u00a0na manh\u00e3 desta ter\u00e7a-feira (05), na\u00a0cidade de Buriti dos Lopes. Os dois estavam em um ve\u00edculo VW\/ Gol Special quando por volta das 9:10h da manh\u00e3 o carro saiu da faixa de rolamento e capotou.\u00a0O caso aconteceu na altura do KM 53 da BR 343.<\/p>\n\n\n\n<p>O homem de 40 anos que n\u00e3o teve a identidade revelada acabou vindo a \u00f3bito ainda no local\u00a0do acidente. A mulher de 37 anos que tamb\u00e9m n\u00e3o foi identificada ficou apenas com leves ferimentos. Segundo informa\u00e7\u00f5es da\u00a0Pol\u00edcia Rodovi\u00e1ria Federal\u00a0(PRF), a principal causa do acidente \u00e9 embriaguez.<\/p>\n\n\n\n<p><br><img decoding=\"async\" alt=\"Homem morre ap\u00f3s carro capotar na BR-343 em Buriti dos Lopes \/ Foto - Reprodu\u00e7\u00e3o\" src=\"https:\/\/www.meionorte.com\/uploads\/imagens\/2023\/9\/5\/homem-morre-apos-carro-capotar-na-br-343-em-buriti-dos-lopes-bc819b8d-7996-4df5-8d78-f5f02ed8adcf.jpg\">Homem morre ap\u00f3s carro capotar na BR-343 em Buriti dos Lopes \/ Foto &#8211; Reprodu\u00e7\u00e3o<\/p>\n\n\n\n<p>A condutora do ve\u00edculo se recursou a realizar o teste de alcoolemia. O\u00a0Instituto de Medicina Legal\u00a0(IML) foi acionado para fazer a per\u00edcia criminal e em seguida a remo\u00e7\u00e3o do corpo.\u00a0<\/p>\n\n\n\n<p><strong>Fonte: Meio Norte<\/strong><\/p>\n","protected":false},"excerpt":{"rendered":"<p>Um\u00a0homem morreu e uma mulher ficou ferida ap\u00f3s um grave acidente de carro\u00a0na manh\u00e3 desta ter\u00e7a-feira (05), na\u00a0cidade de Buriti dos Lopes. Os dois estavam em um ve\u00edculo VW\/ Gol Special quando por volta das 9:10h da manh\u00e3 o carro saiu da faixa de rolamento e capotou.\u00a0O caso aconteceu na altura do KM 53 da [&hellip;]<\/p>\n","protected":false},"author":4,"featured_media":52754,"comment_status":"open","ping_status":"open","sticky":false,"template":"","format":"standard","meta":{"beyondwords_generate_audio":"","beyondwords_project_id":"","beyondwords_podcast_id":"","beyondwords_hash":"","beyondwords_error_message":"","beyondwords_disabled":"","publish_post_to_speechkit":"","speechkit_generate_audio":"","speechkit_project_id":"","speechkit_podcast_id":"","speechkit_hash":"","speechkit_error_message":"","speechkit_disabled":"","speechkit_access_key":"","speechkit_error":"","speechkit_info":"","speechkit_response":"","speechkit_retries":"","_speechkit_link":"","_speechkit_text":""},"categories":[51],"tags":[70,11051,939,62,84,119,91,52],"jetpack_featured_media_url":"https:\/\/pinews.com.br\/wp-content\/uploads\/2023\/09\/homem-morre-apos-carro-capotar-na-br-343-em-buriti-dos-lopes-4209f379-e1c1-47e7-b721-e23253a088bc.jpg","_links":{"self":[{"href":"https:\/\/pinews.com.br\/index.php\/wp-json\/wp\/v2\/posts\/52753"}],"collection":[{"href":"https:\/\/pinews.com.br\/index.php\/wp-json\/wp\/v2\/posts"}],"about":[{"href":"https:\/\/pinews.com.br\/index.php\/wp-json\/wp\/v2\/types\/post"}],"author":[{"embeddable":true,"href":"https:\/\/pinews.com.br\/index.php\/wp-json\/wp\/v2\/users\/4"}],"replies":[{"embeddable":true,"href":"https:\/\/pinews.com.br\/index.php\/wp-json\/wp\/v2\/comments?post=52753"}],"version-history":[{"count":1,"href":"https:\/\/pinews.com.br\/index.php\/wp-json\/wp\/v2\/posts\/52753\/revisions"}],"predecessor-version":[{"id":52755,"href":"https:\/\/pinews.com.br\/index.php\/wp-json\/wp\/v2\/posts\/52753\/revisions\/52755"}],"wp:featuredmedia":[{"embeddable":true,"href":"https:\/\/pinews.com.br\/index.php\/wp-json\/wp\/v2\/media\/52754"}],"wp:attachment":[{"href":"https:\/\/pinews.com.br\/index.php\/wp-json\/wp\/v2\/media?parent=52753"}],"wp:term":[{"taxonomy":"category","embeddable":true,"href":"https:\/\/pinews.com.br\/index.php\/wp-json\/wp\/v2\/categories?post=52753"},{"taxonomy":"post_tag","embeddable":true,"href":"https:\/\/pinews.com.br\/index.php\/wp-json\/wp\/v2\/tags?post=52753"}],"curies":[{"name":"wp","href":"https:\/\/api.w.org\/{rel}","templated":true}]}}