{"id":52774,"date":"2023-09-06T21:04:35","date_gmt":"2023-09-07T00:04:35","guid":{"rendered":"https:\/\/pinews.com.br\/?p=52774"},"modified":"2023-09-06T21:04:38","modified_gmt":"2023-09-07T00:04:38","slug":"jovens-suspeitos-de-mais-de-20-assaltos-a-motoristas-por-aplicativo-sao-presos-no-piaui","status":"publish","type":"post","link":"https:\/\/pinews.com.br\/index.php\/2023\/09\/06\/jovens-suspeitos-de-mais-de-20-assaltos-a-motoristas-por-aplicativo-sao-presos-no-piaui\/","title":{"rendered":"Jovens suspeitos de mais de 20 assaltos a motoristas por aplicativo s\u00e3o presos\u00a0no Piau\u00ed"},"content":{"rendered":"\n<p>Dois jovens de 21 e 18 anos foram presos, nesta quarta-feira (6), suspeitos de diversos assaltos na regi\u00e3o da Vila Irm\u00e3 Dulce, na Zona Sul de\u00a0Teresina. O primeiro foi preso por mandado de pris\u00e3o e o segundo em flagrante durante busca e apreens\u00e3o.<\/p>\n\n\n\n<p>A investiga\u00e7\u00e3o do caso foi iniciada h\u00e1 tr\u00eas meses para identificar e prender os respons\u00e1veis por mais de 20 assaltos a motoristas de aplicativos, transeuntes e arrombamentos de resid\u00eancias na Vila Irm\u00e3 Dulce e regi\u00e3o.<\/p>\n\n\n\n<p>&#8220;Um dos suspeitos foi preso h\u00e1 dois meses ap\u00f3s ser espancado por populares durante um assalto, mas foi solto 15 dias depois e voltou a cometer crimes. Recentemente ele foi baleado ao tentar roubar um motorista de aplicativo, que era policial&#8221;, informou.<\/p>\n\n\n\n<figure class=\"wp-block-image\"><img decoding=\"async\" src=\"https:\/\/s2-g1.glbimg.com\/j3Id8UKgKGhFIZnRqFuX-1Ej8Wg=\/0x0:1280x964\/984x0\/smart\/filters:strip_icc()\/i.s3.glbimg.com\/v1\/AUTH_59edd422c0c84a879bd37670ae4f538a\/internal_photos\/bs\/2023\/y\/9\/eWFBwQSOCTUu6oUl4PHQ\/whatsapp-image-2023-09-06-at-12.33.01-1-.jpeg\" alt=\"Apreens\u00f5es durante a pris\u00e3o de dois suspeitos de assaltos na Vila Irm\u00e3 Dulce \u2014 Foto: Pol\u00edcia Civil\"\/><figcaption class=\"wp-element-caption\">Apreens\u00f5es durante a pris\u00e3o de dois suspeitos de assaltos na Vila Irm\u00e3 Dulce \u2014 Foto: Pol\u00edcia Civil<\/figcaption><\/figure>\n\n\n\n<p>Segundo o chefe de investiga\u00e7\u00e3o da 23\u00ba Distrito Policial, Ant\u00f4nio Carlos, os suspeitos s\u00e3o membros de uma fac\u00e7\u00e3o criminosa e foram presos em uma casa com duas armas de fogo, muni\u00e7\u00f5es, rel\u00f3gios e celulares.<\/p>\n\n\n\n<p>Os presos foram levados para o Instituto M\u00e9dico Legal e, em seguida, para a Central de Flagrantes. Eles se encontram \u00e0 disposi\u00e7\u00e3o da Justi\u00e7a.<\/p>\n\n\n\n<p><strong>Fonte: G1 PI<\/strong><\/p>\n","protected":false},"excerpt":{"rendered":"<p>Dois jovens de 21 e 18 anos foram presos, nesta quarta-feira (6), suspeitos de diversos assaltos na regi\u00e3o da Vila Irm\u00e3 Dulce, na Zona Sul de\u00a0Teresina. O primeiro foi preso por mandado de pris\u00e3o e o segundo em flagrante durante busca e apreens\u00e3o. A investiga\u00e7\u00e3o do caso foi iniciada h\u00e1 tr\u00eas meses para identificar e [&hellip;]<\/p>\n","protected":false},"author":4,"featured_media":52775,"comment_status":"open","ping_status":"open","sticky":false,"template":"","format":"standard","meta":{"beyondwords_generate_audio":"1","beyondwords_project_id":"","beyondwords_podcast_id":"","beyondwords_hash":"","beyondwords_error_message":"","beyondwords_disabled":"","publish_post_to_speechkit":"","speechkit_generate_audio":"","speechkit_project_id":"","speechkit_podcast_id":"","speechkit_hash":"","speechkit_error_message":"","speechkit_disabled":"","speechkit_access_key":"","speechkit_error":"","speechkit_info":"","speechkit_response":"","speechkit_retries":"","_speechkit_link":"","_speechkit_text":""},"categories":[51,78,81],"tags":[208,853,935,44,542,76,2075,52,59,11822,362,497],"jetpack_featured_media_url":"https:\/\/pinews.com.br\/wp-content\/uploads\/2023\/09\/whatsapp-image-2023-09-06-at-12.33.01.jpeg","_links":{"self":[{"href":"https:\/\/pinews.com.br\/index.php\/wp-json\/wp\/v2\/posts\/52774"}],"collection":[{"href":"https:\/\/pinews.com.br\/index.php\/wp-json\/wp\/v2\/posts"}],"about":[{"href":"https:\/\/pinews.com.br\/index.php\/wp-json\/wp\/v2\/types\/post"}],"author":[{"embeddable":true,"href":"https:\/\/pinews.com.br\/index.php\/wp-json\/wp\/v2\/users\/4"}],"replies":[{"embeddable":true,"href":"https:\/\/pinews.com.br\/index.php\/wp-json\/wp\/v2\/comments?post=52774"}],"version-history":[{"count":1,"href":"https:\/\/pinews.com.br\/index.php\/wp-json\/wp\/v2\/posts\/52774\/revisions"}],"predecessor-version":[{"id":52776,"href":"https:\/\/pinews.com.br\/index.php\/wp-json\/wp\/v2\/posts\/52774\/revisions\/52776"}],"wp:featuredmedia":[{"embeddable":true,"href":"https:\/\/pinews.com.br\/index.php\/wp-json\/wp\/v2\/media\/52775"}],"wp:attachment":[{"href":"https:\/\/pinews.com.br\/index.php\/wp-json\/wp\/v2\/media?parent=52774"}],"wp:term":[{"taxonomy":"category","embeddable":true,"href":"https:\/\/pinews.com.br\/index.php\/wp-json\/wp\/v2\/categories?post=52774"},{"taxonomy":"post_tag","embeddable":true,"href":"https:\/\/pinews.com.br\/index.php\/wp-json\/wp\/v2\/tags?post=52774"}],"curies":[{"name":"wp","href":"https:\/\/api.w.org\/{rel}","templated":true}]}}