{"id":52788,"date":"2023-09-07T20:59:51","date_gmt":"2023-09-07T23:59:51","guid":{"rendered":"https:\/\/pinews.com.br\/?p=52788"},"modified":"2023-09-07T20:59:54","modified_gmt":"2023-09-07T23:59:54","slug":"carro-e-arrastado-por-carreta-apos-tentativa-de-desviar-de-ciclista-no-piaui","status":"publish","type":"post","link":"https:\/\/pinews.com.br\/index.php\/2023\/09\/07\/carro-e-arrastado-por-carreta-apos-tentativa-de-desviar-de-ciclista-no-piaui\/","title":{"rendered":"Carro \u00e9 arrastado por carreta ap\u00f3s tentativa de desviar de ciclista no Piau\u00ed"},"content":{"rendered":"\n<p>Por volta das 12h15 desta quinta-feira, feriado de 7 de Setembro, foi registrado um acidente de tr\u00e2nsito na BR-316, imedia\u00e7\u00f5es do viaduto do bairro Tabuleta, zona Sul de Teresina.<\/p>\n\n\n\n<p>A colis\u00e3o envolveu uma carreta e um carro de passeio modelo Fiat Brava, onde estavam duas pessoas. Na carreta estava apenas o caminhoneiro.<\/p>\n\n\n\n<p>No local, a equipe apurou que o Fiat Brava tentou desviar de um ciclista e acabou entrando na frente da carreta, sendo arrastado por alguns metros. N\u00e3o houve feridos, apenas o susto e preju\u00edzo material.<\/p>\n\n\n\n<p><strong>Fonte: 180 graus <\/strong><\/p>\n","protected":false},"excerpt":{"rendered":"<p>Por volta das 12h15 desta quinta-feira, feriado de 7 de Setembro, foi registrado um acidente de tr\u00e2nsito na BR-316, imedia\u00e7\u00f5es do viaduto do bairro Tabuleta, zona Sul de Teresina. A colis\u00e3o envolveu uma carreta e um carro de passeio modelo Fiat Brava, onde estavam duas pessoas. Na carreta estava apenas o caminhoneiro. No local, a [&hellip;]<\/p>\n","protected":false},"author":1,"featured_media":52789,"comment_status":"open","ping_status":"open","sticky":false,"template":"","format":"standard","meta":{"beyondwords_generate_audio":"","beyondwords_project_id":"","beyondwords_podcast_id":"","beyondwords_hash":"","beyondwords_error_message":"","beyondwords_disabled":"","publish_post_to_speechkit":"","speechkit_generate_audio":"","speechkit_project_id":"","speechkit_podcast_id":"","speechkit_hash":"","speechkit_error_message":"","speechkit_disabled":"","speechkit_access_key":"","speechkit_error":"","speechkit_info":"","speechkit_response":"","speechkit_retries":"","_speechkit_link":"","_speechkit_text":""},"categories":[51,81],"tags":[70,1686,448,62,299,44,712,72,52,59,164],"jetpack_featured_media_url":"https:\/\/pinews.com.br\/wp-content\/uploads\/2023\/09\/acidente-na-br-316-em-teresina-carro-e-arrastado-por-carret_6310974239834584273_1.jpg","_links":{"self":[{"href":"https:\/\/pinews.com.br\/index.php\/wp-json\/wp\/v2\/posts\/52788"}],"collection":[{"href":"https:\/\/pinews.com.br\/index.php\/wp-json\/wp\/v2\/posts"}],"about":[{"href":"https:\/\/pinews.com.br\/index.php\/wp-json\/wp\/v2\/types\/post"}],"author":[{"embeddable":true,"href":"https:\/\/pinews.com.br\/index.php\/wp-json\/wp\/v2\/users\/1"}],"replies":[{"embeddable":true,"href":"https:\/\/pinews.com.br\/index.php\/wp-json\/wp\/v2\/comments?post=52788"}],"version-history":[{"count":1,"href":"https:\/\/pinews.com.br\/index.php\/wp-json\/wp\/v2\/posts\/52788\/revisions"}],"predecessor-version":[{"id":52790,"href":"https:\/\/pinews.com.br\/index.php\/wp-json\/wp\/v2\/posts\/52788\/revisions\/52790"}],"wp:featuredmedia":[{"embeddable":true,"href":"https:\/\/pinews.com.br\/index.php\/wp-json\/wp\/v2\/media\/52789"}],"wp:attachment":[{"href":"https:\/\/pinews.com.br\/index.php\/wp-json\/wp\/v2\/media?parent=52788"}],"wp:term":[{"taxonomy":"category","embeddable":true,"href":"https:\/\/pinews.com.br\/index.php\/wp-json\/wp\/v2\/categories?post=52788"},{"taxonomy":"post_tag","embeddable":true,"href":"https:\/\/pinews.com.br\/index.php\/wp-json\/wp\/v2\/tags?post=52788"}],"curies":[{"name":"wp","href":"https:\/\/api.w.org\/{rel}","templated":true}]}}