{"id":52856,"date":"2023-09-10T21:20:27","date_gmt":"2023-09-11T00:20:27","guid":{"rendered":"https:\/\/pinews.com.br\/?p=52856"},"modified":"2023-09-10T21:20:30","modified_gmt":"2023-09-11T00:20:30","slug":"curto-circuito-em-poste-inicia-incendio-em-area-de-vegetacao-seca-em-cidade-do-piaui","status":"publish","type":"post","link":"https:\/\/pinews.com.br\/index.php\/2023\/09\/10\/curto-circuito-em-poste-inicia-incendio-em-area-de-vegetacao-seca-em-cidade-do-piaui\/","title":{"rendered":"Curto-circuito em poste inicia inc\u00eandio em \u00e1rea de vegeta\u00e7\u00e3o seca em\u00a0cidade do Piau\u00ed"},"content":{"rendered":"\n<p>Um curto-circuito come\u00e7ou um inc\u00eandio neste domingo (10) numa regi\u00e3o de mata na cidade de\u00a0Angical do Piau\u00ed, a 130 km de Teresina. Moradores e brigadistas da prefeitura t\u00eam trabalhado para apagar as chamas.<\/p>\n\n\n\n<p>A prefeitura de Angical do Piau\u00ed informou que o fogo causado pelo curto-circuito come\u00e7ou por volta do meio-dia de domingo, na comunidade Chapadinha, zona rural de Angical do Piau\u00ed. O posto n\u00e3o est\u00e1 ligado a nenhuma resid\u00eancia, ele est\u00e1 localizado em uma estrada.<\/p>\n\n\n\n<p>Segundo o morador Francisco Alves, o fogo ent\u00e3o se espalhou rapidamente pelo capim.\u00a0Nas imagens \u00e9 poss\u00edvel perceber que a vegeta\u00e7\u00e3o se encontra bastante seca.<\/p>\n\n\n\n<blockquote class=\"wp-block-quote\">\n<p>&#8220;Em alguns locais j\u00e1 foi controlado, mas em outros, por conta de a vegeta\u00e7\u00e3o ser s\u00f3 capim muito alto, ainda est\u00e1 em chamas&#8221;, disse Francisco Alves.<\/p>\n<\/blockquote>\n\n\n\n<p>O morador contou ainda que o fogo espalhou-se em dire\u00e7\u00e3o ao bairro Montevid\u00e9u, em Angical, e \u00e0 cidade de Santo Ant\u00f4nio dos Milagres.<\/p>\n\n\n\n<blockquote class=\"wp-block-quote\">\n<p>&#8220;Moradores, volunt\u00e1rios e a equipe da brigada entraram em a\u00e7\u00e3o quando foram acionados, e at\u00e9 o momento estamos no combate&#8221;, relatou o morador.<\/p>\n<\/blockquote>\n\n\n\n<h2>Inc\u00eandio continua em\u00a0S\u00e3o Jo\u00e3o da Fronteira<\/h2>\n\n\n\n<p>Os moradores e brigadistas de S\u00e3o Jo\u00e3o da Fronteira enfrentam\u00a0nesse domingo (10) o sexto dia de combate a um inc\u00eandio florestal\u00a0que come\u00e7ou no Cear\u00e1. Segundo Amorim Paiva, morador da zona rural de S\u00e3o Jo\u00e3o da Fronteira, o fogo iniciou no estado vizinho na segunda-feira (4) e chegou no territ\u00f3rio piauiense na quarta-feira (6).<\/p>\n\n\n\n<p>Neste domingo (10), haviam 14 homens combatendo 4 focos de inc\u00eandio, que se espalham por uma regi\u00e3o de cerca de 20 quil\u00f4metros. Na quarta-feira (6), a cidade recebeu apoio de brigadistas do ICMBio, e na sexta-feira (8), do Corpo de Bombeiros do Piau\u00ed. No s\u00e1bado (9), chegaram brigadistas do Prev Fogo do Ibama de Quixeramobim, no Cear\u00e1.<\/p>\n\n\n\n<p><strong>Fonte: G1 PI <\/strong><\/p>\n","protected":false},"excerpt":{"rendered":"<p>Um curto-circuito come\u00e7ou um inc\u00eandio neste domingo (10) numa regi\u00e3o de mata na cidade de\u00a0Angical do Piau\u00ed, a 130 km de Teresina. Moradores e brigadistas da prefeitura t\u00eam trabalhado para apagar as chamas. A prefeitura de Angical do Piau\u00ed informou que o fogo causado pelo curto-circuito come\u00e7ou por volta do meio-dia de domingo, na comunidade [&hellip;]<\/p>\n","protected":false},"author":4,"featured_media":52857,"comment_status":"open","ping_status":"open","sticky":false,"template":"","format":"standard","meta":{"beyondwords_generate_audio":"1","beyondwords_project_id":"","beyondwords_podcast_id":"","beyondwords_hash":"","beyondwords_error_message":"","beyondwords_disabled":"","publish_post_to_speechkit":"","speechkit_generate_audio":"","speechkit_project_id":"","speechkit_podcast_id":"","speechkit_hash":"","speechkit_error_message":"","speechkit_disabled":"","speechkit_access_key":"","speechkit_error":"","speechkit_info":"","speechkit_response":"","speechkit_retries":"","_speechkit_link":"","_speechkit_text":""},"categories":[51],"tags":[622,6565,44,46,10912,547,5790,52,567,1690,5869],"jetpack_featured_media_url":"https:\/\/pinews.com.br\/wp-content\/uploads\/2023\/09\/fogo.jpg","_links":{"self":[{"href":"https:\/\/pinews.com.br\/index.php\/wp-json\/wp\/v2\/posts\/52856"}],"collection":[{"href":"https:\/\/pinews.com.br\/index.php\/wp-json\/wp\/v2\/posts"}],"about":[{"href":"https:\/\/pinews.com.br\/index.php\/wp-json\/wp\/v2\/types\/post"}],"author":[{"embeddable":true,"href":"https:\/\/pinews.com.br\/index.php\/wp-json\/wp\/v2\/users\/4"}],"replies":[{"embeddable":true,"href":"https:\/\/pinews.com.br\/index.php\/wp-json\/wp\/v2\/comments?post=52856"}],"version-history":[{"count":1,"href":"https:\/\/pinews.com.br\/index.php\/wp-json\/wp\/v2\/posts\/52856\/revisions"}],"predecessor-version":[{"id":52858,"href":"https:\/\/pinews.com.br\/index.php\/wp-json\/wp\/v2\/posts\/52856\/revisions\/52858"}],"wp:featuredmedia":[{"embeddable":true,"href":"https:\/\/pinews.com.br\/index.php\/wp-json\/wp\/v2\/media\/52857"}],"wp:attachment":[{"href":"https:\/\/pinews.com.br\/index.php\/wp-json\/wp\/v2\/media?parent=52856"}],"wp:term":[{"taxonomy":"category","embeddable":true,"href":"https:\/\/pinews.com.br\/index.php\/wp-json\/wp\/v2\/categories?post=52856"},{"taxonomy":"post_tag","embeddable":true,"href":"https:\/\/pinews.com.br\/index.php\/wp-json\/wp\/v2\/tags?post=52856"}],"curies":[{"name":"wp","href":"https:\/\/api.w.org\/{rel}","templated":true}]}}